{"id":37738,"date":"2026-06-17T08:00:00","date_gmt":"2026-06-17T11:00:00","guid":{"rendered":"https:\/\/juvenilia.mg.gov.br\/portal\/?p=37738"},"modified":"2026-08-31T08:32:36","modified_gmt":"2026-08-31T11:32:36","slug":"processo-administrativo-no-022-2026-inexigibilidade-de-licitacao-no-005-2026","status":"publish","type":"post","link":"https:\/\/juvenilia.mg.gov.br\/portal\/processo-administrativo-no-022-2026-inexigibilidade-de-licitacao-no-005-2026\/","title":{"rendered":"PROCESSO ADMINISTRATIVO N\u00ba 022\/2026 INEXIGIBILIDADE DE LICITA\u00c7\u00c3O N\u00ba 005\/2026"},"content":{"rendered":"\n<p class=\"wp-block-paragraph\"><strong>SINTESE DO OBJETO:<\/strong> Contrata\u00e7\u00e3o da empresa 32.742.578 JORDAN KENNYDY PEREIRA<br>RODRIGUES, inscrita no CNPJ sob o n\u00ba 32.742.578\/0001-00, para presta\u00e7\u00e3o de servi\u00e7os de<br>show art\u00edstico musical com a banda \u201cSWIT DE PATR\u00c3O\u201d, no dia 20 de junho de 2026, durante<br>os Festejos da tradicional Festa do Arrai\u00e1 de Juven\u00edlia &#8211; MG, de acordo com as necessidades<br>da Secretaria Municipal de Educa\u00e7\u00e3o e Cultura do munic\u00edpio de Juven\u00edlia\/MG.<\/p>\n\n\n\n<p class=\"wp-block-paragraph\"><strong>Download<\/strong><\/p>\n\n\n\n<div class=\"wp-block-media-text is-stacked-on-mobile\" style=\"grid-template-columns:15% auto\"><figure class=\"wp-block-media-text__media\"><img decoding=\"async\" width=\"64\" height=\"65\" src=\"https:\/\/juvenilia.mg.gov.br\/portal\/wp-content\/uploads\/2018\/01\/pdf-e1530588006399.png\" alt=\"Arquivo em PDF\" class=\"wp-image-27224 size-full\" title=\"\"><\/figure><div class=\"wp-block-media-text__content\">\n<p class=\"wp-block-paragraph\"><\/p>\n\n\n<div class=\"wp-block-button\">\n<a  data-e-Disable-Page-Transition=\"true\" class=\"dlm-download-link dlm-download-default wp-block-button__link wp-element-button\" title=\"Vers\u00e3o +inex.+n\u00ba+005\" href=\"https:\/\/juvenilia.mg.gov.br\/portal\/download\/37735\/?tmstv=1788178672\" rel=\"nofollow\" id=\"download-link-37735\" data-redirect=\"false\" >\n\tINEXIGIBILIDADE DE LICITA\u00c7\u00c3O N\u00ba 005\/2026 - SWIT DE PATR\u00c3O\t(1 download\t)\n<\/a>\n<\/div>\n\n<\/div><\/div>\n\n\n\n<p class=\"wp-block-paragraph\"><\/p>\n","protected":false},"excerpt":{"rendered":"<p>SINTESE DO OBJETO: Contrata\u00e7\u00e3o da empresa 32.742.578 JORDAN KENNYDY PEREIRARODRIGUES, inscrita no CNPJ sob o n\u00ba 32.742.578\/0001-00, para presta\u00e7\u00e3o de servi\u00e7os deshow art\u00edstico musical com a banda \u201cSWIT DE PATR\u00c3O\u201d, no dia 20 de junho de 2026, duranteos Festejos da tradicional Festa do Arrai\u00e1 de Juven\u00edlia &#8211; MG, de acordo com as necessidadesda Secretaria Municipal [&hellip;]<\/p>\n","protected":false},"author":80,"featured_media":0,"comment_status":"closed","ping_status":"closed","sticky":false,"template":"","format":"standard","meta":{"footnotes":""},"categories":[1],"tags":[],"class_list":["post-37738","post","type-post","status-publish","format-standard","hentry","category-sem-categoria"],"mb":[],"amp_enabled":true,"mfb_rest_fields":["title","gutenberg_elementor_mode","amp_enabled"],"_links":{"self":[{"href":"https:\/\/juvenilia.mg.gov.br\/portal\/wp-json\/wp\/v2\/posts\/37738","targetHints":{"allow":["GET"]}}],"collection":[{"href":"https:\/\/juvenilia.mg.gov.br\/portal\/wp-json\/wp\/v2\/posts"}],"about":[{"href":"https:\/\/juvenilia.mg.gov.br\/portal\/wp-json\/wp\/v2\/types\/post"}],"author":[{"embeddable":true,"href":"https:\/\/juvenilia.mg.gov.br\/portal\/wp-json\/wp\/v2\/users\/80"}],"replies":[{"embeddable":true,"href":"https:\/\/juvenilia.mg.gov.br\/portal\/wp-json\/wp\/v2\/comments?post=37738"}],"version-history":[{"count":2,"href":"https:\/\/juvenilia.mg.gov.br\/portal\/wp-json\/wp\/v2\/posts\/37738\/revisions"}],"predecessor-version":[{"id":37742,"href":"https:\/\/juvenilia.mg.gov.br\/portal\/wp-json\/wp\/v2\/posts\/37738\/revisions\/37742"}],"wp:attachment":[{"href":"https:\/\/juvenilia.mg.gov.br\/portal\/wp-json\/wp\/v2\/media?parent=37738"}],"wp:term":[{"taxonomy":"category","embeddable":true,"href":"https:\/\/juvenilia.mg.gov.br\/portal\/wp-json\/wp\/v2\/categories?post=37738"},{"taxonomy":"post_tag","embeddable":true,"href":"https:\/\/juvenilia.mg.gov.br\/portal\/wp-json\/wp\/v2\/tags?post=37738"}],"curies":[{"name":"wp","href":"https:\/\/api.w.org\/{rel}","templated":true}]}}