{"id":36748,"date":"2025-10-01T16:30:00","date_gmt":"2025-10-01T19:30:00","guid":{"rendered":"https:\/\/juvenilia.mg.gov.br\/portal\/?p=36748"},"modified":"2025-10-01T16:30:56","modified_gmt":"2025-10-01T19:30:56","slug":"processo-administrativo-no-087-2025-pregao-eletronico-no-020-2025-aquisicao-de-mini-carregadeira","status":"publish","type":"post","link":"https:\/\/juvenilia.mg.gov.br\/portal\/processo-administrativo-no-087-2025-pregao-eletronico-no-020-2025-aquisicao-de-mini-carregadeira\/","title":{"rendered":"PROCESSO ADMINISTRATIVO N\u00ba 087\/2025 &#8211; PREG\u00c3O ELETR\u00d4NICO N\u00ba 020\/2025 &#8211; AQUISI\u00c7\u00c3O DE MINI CARREGADEIRA"},"content":{"rendered":"\n<p><strong>S\u00cdNTESE DO OBJETO: <\/strong>Sele\u00e7\u00e3o da proposta apta a gerar o resultado de contrata\u00e7\u00e3o mais vantajosa para a aquisi\u00e7\u00e3o de 01 (uma) Mini Carregadeira sobre rodas, nova, ano de fabrica\u00e7\u00e3o m\u00ednimo 2025, Pot\u00eancia Nominal entre 65 e 75 HP, motor diesel, conforme condi\u00e7\u00f5es, quantidades e exig\u00eancias estabelecidas no Termo de Refer\u00eancia, em atendimento \u00e0 solicita\u00e7\u00e3o da Secretaria Municipal de Agricultura e Meio Ambiente. A aquisi\u00e7\u00e3o ser\u00e1 realizada com recursos financeiros oriundos do Conv\u00eanio Transferegov.br n\u00ba 959198\/2024, complementados por contrapartida do Munic\u00edpio.<\/p>\n\n\n\n<p><strong>ABERTURA: Dia 16 de OUTUBRO de 2025 \u00e0s 08h30min<\/strong>.<\/p>\n\n\n\n<div class=\"wp-block-media-text is-stacked-on-mobile\" style=\"grid-template-columns:20% auto\"><figure class=\"wp-block-media-text__media\"><img decoding=\"async\" width=\"64\" height=\"65\" src=\"https:\/\/juvenilia.mg.gov.br\/portal\/wp-content\/uploads\/2018\/01\/pdf-e1530588006399.png\" alt=\"Arquivo em PDF\" class=\"wp-image-27224 size-full\" title=\"\"><\/figure><div class=\"wp-block-media-text__content\">\n<p><\/p>\n\n\n<a  data-e-Disable-Page-Transition=\"true\" class=\"download-link\" title=\"\" href=\"https:\/\/juvenilia.mg.gov.br\/portal\/download\/36745\/?tmstv=1777575835\" rel=\"nofollow\" id=\"download-link-36745\" >\n\tEDITAL - Preg\u00e3o Eletr\u00f4nico N\u00ba 020-2025 - Aquisi\u00e7\u00e3o de Mini Carregadeira\t(434 downloads\t)\n<\/a>\n\n<\/div><\/div>\n\n\n\n<p><\/p>\n","protected":false},"excerpt":{"rendered":"<p>S\u00cdNTESE DO OBJETO: Sele\u00e7\u00e3o da proposta apta a gerar o resultado de contrata\u00e7\u00e3o mais vantajosa para a aquisi\u00e7\u00e3o de 01 (uma) Mini Carregadeira sobre rodas, nova, ano de fabrica\u00e7\u00e3o m\u00ednimo 2025, Pot\u00eancia Nominal entre 65 e 75 HP, motor diesel, conforme condi\u00e7\u00f5es, quantidades e exig\u00eancias estabelecidas no Termo de Refer\u00eancia, em atendimento \u00e0 solicita\u00e7\u00e3o da [&hellip;]<\/p>\n","protected":false},"author":1,"featured_media":0,"comment_status":"closed","ping_status":"closed","sticky":false,"template":"","format":"standard","meta":{"footnotes":""},"categories":[6,66],"tags":[],"class_list":["post-36748","post","type-post","status-publish","format-standard","hentry","category-licitacao_2017_2020","category-pregao-eletronico"],"amp_enabled":true,"mfb_rest_fields":["gutenberg_elementor_mode","amp_enabled"],"_links":{"self":[{"href":"https:\/\/juvenilia.mg.gov.br\/portal\/wp-json\/wp\/v2\/posts\/36748","targetHints":{"allow":["GET"]}}],"collection":[{"href":"https:\/\/juvenilia.mg.gov.br\/portal\/wp-json\/wp\/v2\/posts"}],"about":[{"href":"https:\/\/juvenilia.mg.gov.br\/portal\/wp-json\/wp\/v2\/types\/post"}],"author":[{"embeddable":true,"href":"https:\/\/juvenilia.mg.gov.br\/portal\/wp-json\/wp\/v2\/users\/1"}],"replies":[{"embeddable":true,"href":"https:\/\/juvenilia.mg.gov.br\/portal\/wp-json\/wp\/v2\/comments?post=36748"}],"version-history":[{"count":1,"href":"https:\/\/juvenilia.mg.gov.br\/portal\/wp-json\/wp\/v2\/posts\/36748\/revisions"}],"predecessor-version":[{"id":36750,"href":"https:\/\/juvenilia.mg.gov.br\/portal\/wp-json\/wp\/v2\/posts\/36748\/revisions\/36750"}],"wp:attachment":[{"href":"https:\/\/juvenilia.mg.gov.br\/portal\/wp-json\/wp\/v2\/media?parent=36748"}],"wp:term":[{"taxonomy":"category","embeddable":true,"href":"https:\/\/juvenilia.mg.gov.br\/portal\/wp-json\/wp\/v2\/categories?post=36748"},{"taxonomy":"post_tag","embeddable":true,"href":"https:\/\/juvenilia.mg.gov.br\/portal\/wp-json\/wp\/v2\/tags?post=36748"}],"curies":[{"name":"wp","href":"https:\/\/api.w.org\/{rel}","templated":true}]}}