{"id":36227,"date":"2024-12-31T18:00:00","date_gmt":"2024-12-31T21:00:00","guid":{"rendered":"https:\/\/juvenilia.mg.gov.br\/portal\/?p=36227"},"modified":"2025-02-27T08:54:52","modified_gmt":"2025-02-27T11:54:52","slug":"portaria-municipal-no-379-2024","status":"publish","type":"post","link":"https:\/\/juvenilia.mg.gov.br\/portal\/portaria-municipal-no-379-2024\/","title":{"rendered":"Portaria Municipal n\u00ba 379-2024"},"content":{"rendered":"\n<p>A Prefeitura Municipal de Juven\u00edlia torna p\u00fablico Portaria Municipal n\u00ba 379\/2024 que trata da exonera\u00e7\u00e3o de ocupantes de \u201cCargos de Confian\u00e7a\u201d de Provimento e Recrutamento Amplo, Agente Pol\u00edtico na qual exonera Carlos Ferreira da Mota do cargo de Secret\u00e1rio Municipal de Educa\u00e7\u00e3o e Cultura.<\/p>\n\n\n\n<div data-wp-interactive=\"core\/file\" class=\"wp-block-file\"><object data-wp-bind--hidden=\"!state.hasPdfPreview\" hidden class=\"wp-block-file__embed\" data=\"https:\/\/juvenilia.mg.gov.br\/portal\/wp-content\/uploads\/2025\/02\/PORTARIA-379-2024-EXONERACAO-CARLOS-FERREIRA-DA-MOTA.pdf\" type=\"application\/pdf\" style=\"width:100%;height:600px\" aria-label=\"Incorporado de PORTARIA 379-2024  EXONERA\u00c7\u00c3O CARLOS FERREIRA DA MOTA.\"><\/object><a id=\"wp-block-file--media-abb6aea0-9aca-47e4-9c4c-1a9aefaddd17\" href=\"https:\/\/juvenilia.mg.gov.br\/portal\/wp-content\/uploads\/2025\/02\/PORTARIA-379-2024-EXONERACAO-CARLOS-FERREIRA-DA-MOTA.pdf\">PORTARIA 379-2024  EXONERA\u00c7\u00c3O CARLOS FERREIRA DA MOTA<\/a><a href=\"https:\/\/juvenilia.mg.gov.br\/portal\/wp-content\/uploads\/2025\/02\/PORTARIA-379-2024-EXONERACAO-CARLOS-FERREIRA-DA-MOTA.pdf\" class=\"wp-block-file__button wp-element-button\" download aria-describedby=\"wp-block-file--media-abb6aea0-9aca-47e4-9c4c-1a9aefaddd17\">Baixar<\/a><\/div>\n\n\n\n<p><\/p>\n","protected":false},"excerpt":{"rendered":"<p>A Prefeitura Municipal de Juven\u00edlia torna p\u00fablico Portaria Municipal n\u00ba 379\/2024 que trata da exonera\u00e7\u00e3o de ocupantes de \u201cCargos de Confian\u00e7a\u201d de Provimento e Recrutamento Amplo, Agente Pol\u00edtico na qual exonera Carlos Ferreira da Mota do cargo de Secret\u00e1rio Municipal de Educa\u00e7\u00e3o e Cultura.<\/p>\n","protected":false},"author":1,"featured_media":0,"comment_status":"closed","ping_status":"closed","sticky":false,"template":"","format":"standard","meta":{"footnotes":""},"categories":[548],"tags":[],"class_list":["post-36227","post","type-post","status-publish","format-standard","hentry","category-diariooficial"],"amp_enabled":true,"mfb_rest_fields":["gutenberg_elementor_mode","amp_enabled"],"_links":{"self":[{"href":"https:\/\/juvenilia.mg.gov.br\/portal\/wp-json\/wp\/v2\/posts\/36227","targetHints":{"allow":["GET"]}}],"collection":[{"href":"https:\/\/juvenilia.mg.gov.br\/portal\/wp-json\/wp\/v2\/posts"}],"about":[{"href":"https:\/\/juvenilia.mg.gov.br\/portal\/wp-json\/wp\/v2\/types\/post"}],"author":[{"embeddable":true,"href":"https:\/\/juvenilia.mg.gov.br\/portal\/wp-json\/wp\/v2\/users\/1"}],"replies":[{"embeddable":true,"href":"https:\/\/juvenilia.mg.gov.br\/portal\/wp-json\/wp\/v2\/comments?post=36227"}],"version-history":[{"count":1,"href":"https:\/\/juvenilia.mg.gov.br\/portal\/wp-json\/wp\/v2\/posts\/36227\/revisions"}],"predecessor-version":[{"id":36230,"href":"https:\/\/juvenilia.mg.gov.br\/portal\/wp-json\/wp\/v2\/posts\/36227\/revisions\/36230"}],"wp:attachment":[{"href":"https:\/\/juvenilia.mg.gov.br\/portal\/wp-json\/wp\/v2\/media?parent=36227"}],"wp:term":[{"taxonomy":"category","embeddable":true,"href":"https:\/\/juvenilia.mg.gov.br\/portal\/wp-json\/wp\/v2\/categories?post=36227"},{"taxonomy":"post_tag","embeddable":true,"href":"https:\/\/juvenilia.mg.gov.br\/portal\/wp-json\/wp\/v2\/tags?post=36227"}],"curies":[{"name":"wp","href":"https:\/\/api.w.org\/{rel}","templated":true}]}}