{"id":36218,"date":"2025-01-02T18:39:00","date_gmt":"2025-01-02T21:39:00","guid":{"rendered":"https:\/\/juvenilia.mg.gov.br\/portal\/?p=36218"},"modified":"2025-02-26T18:54:28","modified_gmt":"2025-02-26T21:54:28","slug":"portaria-municipal-no-004-2025","status":"publish","type":"post","link":"https:\/\/juvenilia.mg.gov.br\/portal\/portaria-municipal-no-004-2025\/","title":{"rendered":"Portaria Municipal n\u00ba 004-2025"},"content":{"rendered":"\n<p>A Prefeitura Municipal de Juven\u00edlia torna p\u00fablico Portaria Municipal n\u00ba 004\/2025 que trata da nomea\u00e7\u00e3o de ocupantes de \u201cCargos de Confian\u00e7a\u201d de Provimento e Recrutamento Amplo, Agente Pol\u00edtico na qual nomeia Delvanice Silva Santos de Matos para o cargo de Secret\u00e1ria Municipal de Educa\u00e7\u00e3o e Cultura.<\/p>\n\n\n\n<div data-wp-interactive=\"core\/file\" class=\"wp-block-file\"><object data-wp-bind--hidden=\"!state.hasPdfPreview\" hidden class=\"wp-block-file__embed\" data=\"https:\/\/juvenilia.mg.gov.br\/portal\/wp-content\/uploads\/2025\/02\/Portaria-Municipal-no-04-2025.pdf\" type=\"application\/pdf\" style=\"width:100%;height:600px\" aria-label=\"Incorporado de Portaria Municipal n\u00ba 04-2025.\"><\/object><a id=\"wp-block-file--media-437024f3-d444-4068-922a-fa1856a9fc8d\" href=\"https:\/\/juvenilia.mg.gov.br\/portal\/wp-content\/uploads\/2025\/02\/Portaria-Municipal-no-04-2025.pdf\">Portaria Municipal n\u00ba 04-2025<\/a><a href=\"https:\/\/juvenilia.mg.gov.br\/portal\/wp-content\/uploads\/2025\/02\/Portaria-Municipal-no-04-2025.pdf\" class=\"wp-block-file__button wp-element-button\" download aria-describedby=\"wp-block-file--media-437024f3-d444-4068-922a-fa1856a9fc8d\">Baixar<\/a><\/div>\n\n\n\n<h2 class=\"wp-block-heading\">Termo de Posse <\/h2>\n\n\n\n<div data-wp-interactive=\"core\/file\" class=\"wp-block-file\"><object data-wp-bind--hidden=\"!state.hasPdfPreview\" hidden class=\"wp-block-file__embed\" data=\"https:\/\/juvenilia.mg.gov.br\/portal\/wp-content\/uploads\/2025\/02\/Termo-de-Posse-1.pdf\" type=\"application\/pdf\" style=\"width:100%;height:600px\" aria-label=\"Incorporado de Termo de Posse.\"><\/object><a id=\"wp-block-file--media-f445ad06-7d04-4442-b2c5-a9dc04a2ceef\" href=\"https:\/\/juvenilia.mg.gov.br\/portal\/wp-content\/uploads\/2025\/02\/Termo-de-Posse-1.pdf\">Termo de Posse<\/a><a href=\"https:\/\/juvenilia.mg.gov.br\/portal\/wp-content\/uploads\/2025\/02\/Termo-de-Posse-1.pdf\" class=\"wp-block-file__button wp-element-button\" download aria-describedby=\"wp-block-file--media-f445ad06-7d04-4442-b2c5-a9dc04a2ceef\">Baixar<\/a><\/div>\n\n\n\n<p><\/p>\n","protected":false},"excerpt":{"rendered":"<p>A Prefeitura Municipal de Juven\u00edlia torna p\u00fablico Portaria Municipal n\u00ba 004\/2025 que trata da nomea\u00e7\u00e3o de ocupantes de \u201cCargos de Confian\u00e7a\u201d de Provimento e Recrutamento Amplo, Agente Pol\u00edtico na qual nomeia Delvanice Silva Santos de Matos para o cargo de Secret\u00e1ria Municipal de Educa\u00e7\u00e3o e Cultura. Termo de Posse<\/p>\n","protected":false},"author":1,"featured_media":0,"comment_status":"closed","ping_status":"closed","sticky":false,"template":"","format":"standard","meta":{"footnotes":""},"categories":[548],"tags":[],"class_list":["post-36218","post","type-post","status-publish","format-standard","hentry","category-diariooficial"],"amp_enabled":true,"mfb_rest_fields":["gutenberg_elementor_mode","amp_enabled"],"_links":{"self":[{"href":"https:\/\/juvenilia.mg.gov.br\/portal\/wp-json\/wp\/v2\/posts\/36218","targetHints":{"allow":["GET"]}}],"collection":[{"href":"https:\/\/juvenilia.mg.gov.br\/portal\/wp-json\/wp\/v2\/posts"}],"about":[{"href":"https:\/\/juvenilia.mg.gov.br\/portal\/wp-json\/wp\/v2\/types\/post"}],"author":[{"embeddable":true,"href":"https:\/\/juvenilia.mg.gov.br\/portal\/wp-json\/wp\/v2\/users\/1"}],"replies":[{"embeddable":true,"href":"https:\/\/juvenilia.mg.gov.br\/portal\/wp-json\/wp\/v2\/comments?post=36218"}],"version-history":[{"count":2,"href":"https:\/\/juvenilia.mg.gov.br\/portal\/wp-json\/wp\/v2\/posts\/36218\/revisions"}],"predecessor-version":[{"id":36226,"href":"https:\/\/juvenilia.mg.gov.br\/portal\/wp-json\/wp\/v2\/posts\/36218\/revisions\/36226"}],"wp:attachment":[{"href":"https:\/\/juvenilia.mg.gov.br\/portal\/wp-json\/wp\/v2\/media?parent=36218"}],"wp:term":[{"taxonomy":"category","embeddable":true,"href":"https:\/\/juvenilia.mg.gov.br\/portal\/wp-json\/wp\/v2\/categories?post=36218"},{"taxonomy":"post_tag","embeddable":true,"href":"https:\/\/juvenilia.mg.gov.br\/portal\/wp-json\/wp\/v2\/tags?post=36218"}],"curies":[{"name":"wp","href":"https:\/\/api.w.org\/{rel}","templated":true}]}}