{"id":35843,"date":"2024-09-04T08:26:00","date_gmt":"2024-09-04T11:26:00","guid":{"rendered":"https:\/\/juvenilia.mg.gov.br\/portal\/?p=35843"},"modified":"2024-09-04T16:10:54","modified_gmt":"2024-09-04T19:10:54","slug":"e-com-muito-pesar-que-a-prefeitura-municipal-de-juvenilia-mg-informa-o-falecimento-da-servidora-publica-municipal-sra-eleni-zulmerinda-de-souza","status":"publish","type":"post","link":"https:\/\/juvenilia.mg.gov.br\/portal\/e-com-muito-pesar-que-a-prefeitura-municipal-de-juvenilia-mg-informa-o-falecimento-da-servidora-publica-municipal-sra-eleni-zulmerinda-de-souza\/","title":{"rendered":"NOTA DE PESAR"},"content":{"rendered":"\n<p>\u00c9 com muito pesar que a Prefeitura Municipal de Juven\u00edlia-MG, informa o falecimento da Servidora P\u00fablica Municipal, Sra. Eleni Zulmerinda de Souza.<\/p>\n\n\n\n<p> A Prefeitura Municipal de Juven\u00edlia-MG, na pessoa do prefeito R\u00f4mulo Carneiro, expressa as nossas mais sinceras condol\u00eancias \u00e0 fam\u00edlia e amigos, desejando que encontrem conforto para superar essa perda irrepar\u00e1vel.<\/p>\n","protected":false},"excerpt":{"rendered":"<p>\u00c9 com muito pesar que a Prefeitura Municipal de Juven\u00edlia-MG, informa o falecimento da Servidora P\u00fablica Municipal, Sra. Eleni Zulmerinda de Souza. A Prefeitura Municipal de Juven\u00edlia-MG, na pessoa do prefeito R\u00f4mulo Carneiro, expressa as nossas mais sinceras condol\u00eancias \u00e0 fam\u00edlia e amigos, desejando que encontrem conforto para superar essa perda irrepar\u00e1vel.<\/p>\n","protected":false},"author":1,"featured_media":35845,"comment_status":"closed","ping_status":"closed","sticky":true,"template":"","format":"standard","meta":{"footnotes":""},"categories":[4,25],"tags":[],"class_list":["post-35843","post","type-post","status-publish","format-standard","has-post-thumbnail","hentry","category-noticias-de-juvenilia","category-destaques"],"amp_enabled":true,"mfb_rest_fields":["gutenberg_elementor_mode","amp_enabled"],"_links":{"self":[{"href":"https:\/\/juvenilia.mg.gov.br\/portal\/wp-json\/wp\/v2\/posts\/35843","targetHints":{"allow":["GET"]}}],"collection":[{"href":"https:\/\/juvenilia.mg.gov.br\/portal\/wp-json\/wp\/v2\/posts"}],"about":[{"href":"https:\/\/juvenilia.mg.gov.br\/portal\/wp-json\/wp\/v2\/types\/post"}],"author":[{"embeddable":true,"href":"https:\/\/juvenilia.mg.gov.br\/portal\/wp-json\/wp\/v2\/users\/1"}],"replies":[{"embeddable":true,"href":"https:\/\/juvenilia.mg.gov.br\/portal\/wp-json\/wp\/v2\/comments?post=35843"}],"version-history":[{"count":5,"href":"https:\/\/juvenilia.mg.gov.br\/portal\/wp-json\/wp\/v2\/posts\/35843\/revisions"}],"predecessor-version":[{"id":35855,"href":"https:\/\/juvenilia.mg.gov.br\/portal\/wp-json\/wp\/v2\/posts\/35843\/revisions\/35855"}],"wp:featuredmedia":[{"embeddable":true,"href":"https:\/\/juvenilia.mg.gov.br\/portal\/wp-json\/wp\/v2\/media\/35845"}],"wp:attachment":[{"href":"https:\/\/juvenilia.mg.gov.br\/portal\/wp-json\/wp\/v2\/media?parent=35843"}],"wp:term":[{"taxonomy":"category","embeddable":true,"href":"https:\/\/juvenilia.mg.gov.br\/portal\/wp-json\/wp\/v2\/categories?post=35843"},{"taxonomy":"post_tag","embeddable":true,"href":"https:\/\/juvenilia.mg.gov.br\/portal\/wp-json\/wp\/v2\/tags?post=35843"}],"curies":[{"name":"wp","href":"https:\/\/api.w.org\/{rel}","templated":true}]}}