{"id":35716,"date":"2024-06-17T08:00:00","date_gmt":"2024-06-17T11:00:00","guid":{"rendered":"https:\/\/juvenilia.mg.gov.br\/portal\/?p=35716"},"modified":"2024-06-19T09:38:51","modified_gmt":"2024-06-19T12:38:51","slug":"edital-de-chamamento-publico-no-001-2024-e-premiacao-da-lei-paulo-gustavo","status":"publish","type":"post","link":"https:\/\/juvenilia.mg.gov.br\/portal\/edital-de-chamamento-publico-no-001-2024-e-premiacao-da-lei-paulo-gustavo\/","title":{"rendered":"EDITAL DE CHAMAMENTO P\u00daBLICO N\u00ba 001\/2024 E PREMIA\u00c7\u00c3O DA LEI PAULO GUSTAVO"},"content":{"rendered":"\n<figure class=\"wp-block-table\"><table><tbody><tr><td>&nbsp; <strong>EDITAL DE SELE\u00c7\u00c3O DE PROJETOS PARA FIRMAR TERMO DE EXECU\u00c7\u00c3O CULTURAL COM RECURSOS DA LEI COMPLEMENTAR 195\/2022 (LEI PAULO GUSTAVO) \u2013 AUDIOVISUAL.<\/strong> &nbsp;<\/td><\/tr><tr><td>&nbsp; <strong>EDITAL DE CHAMAMENTO P\u00daBLICO N\u00ba 002\/2024 \u2013 DEMAIS \u00c1REAS DA CULTURA.<\/strong> <strong>EDITAL DE PREMIA\u00c7\u00c3O PARA AGENTES CULTURAIS COM RECURSOS DA LEI COMPLEMENTAR N\u00ba 195\/2022 (LEI PAULO GUSTAVO).<\/strong> &nbsp;<\/td><\/tr><\/tbody><\/table><\/figure>\n\n\n\n<p><strong>DOWNLOAD:<\/strong><\/p>\n\n\n\n<div class=\"wp-block-media-text is-stacked-on-mobile\" style=\"grid-template-columns:15% auto\"><figure class=\"wp-block-media-text__media\"><img decoding=\"async\" width=\"150\" height=\"150\" src=\"https:\/\/juvenilia.mg.gov.br\/portal\/wp-content\/uploads\/2018\/01\/pdf-150x150.png\" alt=\"Arquivo em PDF\" class=\"wp-image-27224 size-thumbnail\" title=\"\"><\/figure><div class=\"wp-block-media-text__content\"><p><a  data-e-Disable-Page-Transition=\"true\" class=\"download-link\" title=\"\" href=\"https:\/\/juvenilia.mg.gov.br\/portal\/download\/35713\/?tmstv=1777665658\" rel=\"nofollow\" id=\"download-link-35713\" >\n\tEdital 001-2024 - Apoio as Produ\u00e7\u00f5es Audiovisuais\t(662 downloads\t)\n<\/a>\n<br \/>\n<a  data-e-Disable-Page-Transition=\"true\" class=\"download-link\" title=\"\" href=\"https:\/\/juvenilia.mg.gov.br\/portal\/download\/35718\/?tmstv=1777665658\" rel=\"nofollow\" id=\"download-link-35718\" >\n\tEdital 002-2024 - Apoio as Demais \u00e1reas da Cultura -\t(658 downloads\t)\n<\/a>\n<\/p>\n<\/div><\/div>\n","protected":false},"excerpt":{"rendered":"<p>&nbsp; EDITAL DE SELE\u00c7\u00c3O DE PROJETOS PARA FIRMAR TERMO DE EXECU\u00c7\u00c3O CULTURAL COM RECURSOS DA LEI COMPLEMENTAR 195\/2022 (LEI PAULO GUSTAVO) \u2013 AUDIOVISUAL. &nbsp; &nbsp; EDITAL DE CHAMAMENTO P\u00daBLICO N\u00ba 002\/2024 \u2013 DEMAIS \u00c1REAS DA CULTURA. EDITAL DE PREMIA\u00c7\u00c3O PARA AGENTES CULTURAIS COM RECURSOS DA LEI COMPLEMENTAR N\u00ba 195\/2022 (LEI PAULO GUSTAVO). &nbsp; DOWNLOAD:<\/p>\n","protected":false},"author":1,"featured_media":0,"comment_status":"closed","ping_status":"closed","sticky":false,"template":"","format":"standard","meta":{"footnotes":""},"categories":[4,18],"tags":[],"class_list":["post-35716","post","type-post","status-publish","format-standard","hentry","category-noticias-de-juvenilia","category-secretaria-de-educacao"],"amp_enabled":true,"mfb_rest_fields":["gutenberg_elementor_mode","amp_enabled"],"_links":{"self":[{"href":"https:\/\/juvenilia.mg.gov.br\/portal\/wp-json\/wp\/v2\/posts\/35716","targetHints":{"allow":["GET"]}}],"collection":[{"href":"https:\/\/juvenilia.mg.gov.br\/portal\/wp-json\/wp\/v2\/posts"}],"about":[{"href":"https:\/\/juvenilia.mg.gov.br\/portal\/wp-json\/wp\/v2\/types\/post"}],"author":[{"embeddable":true,"href":"https:\/\/juvenilia.mg.gov.br\/portal\/wp-json\/wp\/v2\/users\/1"}],"replies":[{"embeddable":true,"href":"https:\/\/juvenilia.mg.gov.br\/portal\/wp-json\/wp\/v2\/comments?post=35716"}],"version-history":[{"count":1,"href":"https:\/\/juvenilia.mg.gov.br\/portal\/wp-json\/wp\/v2\/posts\/35716\/revisions"}],"predecessor-version":[{"id":35721,"href":"https:\/\/juvenilia.mg.gov.br\/portal\/wp-json\/wp\/v2\/posts\/35716\/revisions\/35721"}],"wp:attachment":[{"href":"https:\/\/juvenilia.mg.gov.br\/portal\/wp-json\/wp\/v2\/media?parent=35716"}],"wp:term":[{"taxonomy":"category","embeddable":true,"href":"https:\/\/juvenilia.mg.gov.br\/portal\/wp-json\/wp\/v2\/categories?post=35716"},{"taxonomy":"post_tag","embeddable":true,"href":"https:\/\/juvenilia.mg.gov.br\/portal\/wp-json\/wp\/v2\/tags?post=35716"}],"curies":[{"name":"wp","href":"https:\/\/api.w.org\/{rel}","templated":true}]}}