{"id":35488,"date":"2024-01-24T10:29:00","date_gmt":"2024-01-24T13:29:00","guid":{"rendered":"http:\/\/juvenilia.mg.gov.br\/portal\/?p=35488"},"modified":"2024-03-14T10:36:00","modified_gmt":"2024-03-14T13:36:00","slug":"extrato-do-contrato-administrativo-002-2024","status":"publish","type":"post","link":"https:\/\/juvenilia.mg.gov.br\/portal\/extrato-do-contrato-administrativo-002-2024\/","title":{"rendered":"Extrato do Contrato Administrativo 002\/2024"},"content":{"rendered":"\n<p>A PREFEITURA DE JUVENILIA-MG, torna p\u00fablico o extrato do contrato administrativo 002\/2024, Gracielio Francisco Costa-ME, CNPJ 13.141.782\/0001-20, Objeto da contrata\u00e7\u00e3o de shows art\u00edsticos musicais, para apresenta\u00e7\u00e3o em local p\u00fablico, objetivando abrilhantar o evento de entrega de obras p\u00fablica, no distrito de Monte Rei, Munic\u00edpio de Juven\u00edlia. Valor global R$ 15.000,00 &#8211; Vig\u00eancia 24\/01\/2024 a 24\/02\/2024.<\/p>\n","protected":false},"excerpt":{"rendered":"<p>A PREFEITURA DE JUVENILIA-MG, torna p\u00fablico o extrato do contrato administrativo 002\/2024, Gracielio Francisco Costa-ME, CNPJ 13.141.782\/0001-20, Objeto da contrata\u00e7\u00e3o de shows art\u00edsticos musicais, para apresenta\u00e7\u00e3o em local p\u00fablico, objetivando abrilhantar o evento de entrega de obras p\u00fablica, no distrito de Monte Rei, Munic\u00edpio de Juven\u00edlia. Valor global R$ 15.000,00 &#8211; Vig\u00eancia 24\/01\/2024 a 24\/02\/2024.<\/p>\n","protected":false},"author":1,"featured_media":0,"comment_status":"closed","ping_status":"closed","sticky":false,"template":"","format":"standard","meta":{"footnotes":""},"categories":[1,548],"tags":[],"class_list":["post-35488","post","type-post","status-publish","format-standard","hentry","category-sem-categoria","category-diariooficial"],"amp_enabled":true,"mfb_rest_fields":["gutenberg_elementor_mode","amp_enabled"],"_links":{"self":[{"href":"https:\/\/juvenilia.mg.gov.br\/portal\/wp-json\/wp\/v2\/posts\/35488","targetHints":{"allow":["GET"]}}],"collection":[{"href":"https:\/\/juvenilia.mg.gov.br\/portal\/wp-json\/wp\/v2\/posts"}],"about":[{"href":"https:\/\/juvenilia.mg.gov.br\/portal\/wp-json\/wp\/v2\/types\/post"}],"author":[{"embeddable":true,"href":"https:\/\/juvenilia.mg.gov.br\/portal\/wp-json\/wp\/v2\/users\/1"}],"replies":[{"embeddable":true,"href":"https:\/\/juvenilia.mg.gov.br\/portal\/wp-json\/wp\/v2\/comments?post=35488"}],"version-history":[{"count":1,"href":"https:\/\/juvenilia.mg.gov.br\/portal\/wp-json\/wp\/v2\/posts\/35488\/revisions"}],"predecessor-version":[{"id":35490,"href":"https:\/\/juvenilia.mg.gov.br\/portal\/wp-json\/wp\/v2\/posts\/35488\/revisions\/35490"}],"wp:attachment":[{"href":"https:\/\/juvenilia.mg.gov.br\/portal\/wp-json\/wp\/v2\/media?parent=35488"}],"wp:term":[{"taxonomy":"category","embeddable":true,"href":"https:\/\/juvenilia.mg.gov.br\/portal\/wp-json\/wp\/v2\/categories?post=35488"},{"taxonomy":"post_tag","embeddable":true,"href":"https:\/\/juvenilia.mg.gov.br\/portal\/wp-json\/wp\/v2\/tags?post=35488"}],"curies":[{"name":"wp","href":"https:\/\/api.w.org\/{rel}","templated":true}]}}