{"id":35078,"date":"2023-05-25T16:17:09","date_gmt":"2023-05-25T19:17:09","guid":{"rendered":"http:\/\/juvenilia.mg.gov.br\/portal\/?p=35078"},"modified":"2023-05-25T16:17:11","modified_gmt":"2023-05-25T19:17:11","slug":"nota-de-pesar","status":"publish","type":"post","link":"https:\/\/juvenilia.mg.gov.br\/portal\/nota-de-pesar\/","title":{"rendered":"Nota de pesar"},"content":{"rendered":"\n<p>\u00c9 com imenso pesar que a Prefeitura Municipal de Juven\u00edlia, informa o falecimento da Sra. EG\u00cdDIA MARINHO CARNEIRO, m\u00e3e do Prefeito Municipal, R\u00f4mulo Marinho Carneiro, ocorrido nesta quinta-feira (25).<\/p>\n\n\n\n<p>Ao mesmo tempo, o \u00f3rg\u00e3o do poder executivo, presta condol\u00eancias e se solidariza com os familiares e amigos pela perda irrepar\u00e1vel.<\/p>\n\n\n\n<p>O Decreto n\u00ba 169-2023, declara Luto Oficial de 03 (tr\u00eas) dias, durante a vig\u00eancia do luto oficial, em homenagem e respeito a m\u00e3e do prefeito, a bandeira do Munic\u00edpio ficar\u00e1 hasteada a meio mastro na sede do Pa\u00e7o Municipal.<\/p>\n","protected":false},"excerpt":{"rendered":"<p>\u00c9 com imenso pesar que a Prefeitura Municipal de Juven\u00edlia, informa o falecimento da Sra. EG\u00cdDIA MARINHO CARNEIRO, m\u00e3e do Prefeito Municipal, R\u00f4mulo Marinho Carneiro, ocorrido nesta quinta-feira (25). Ao mesmo tempo, o \u00f3rg\u00e3o do poder executivo, presta condol\u00eancias e se solidariza com os familiares e amigos pela perda irrepar\u00e1vel. O Decreto n\u00ba 169-2023, declara [&hellip;]<\/p>\n","protected":false},"author":2,"featured_media":35079,"comment_status":"closed","ping_status":"closed","sticky":false,"template":"","format":"standard","meta":{"footnotes":""},"categories":[25],"tags":[],"class_list":["post-35078","post","type-post","status-publish","format-standard","has-post-thumbnail","hentry","category-destaques"],"amp_enabled":true,"mfb_rest_fields":["gutenberg_elementor_mode","amp_enabled"],"_links":{"self":[{"href":"https:\/\/juvenilia.mg.gov.br\/portal\/wp-json\/wp\/v2\/posts\/35078","targetHints":{"allow":["GET"]}}],"collection":[{"href":"https:\/\/juvenilia.mg.gov.br\/portal\/wp-json\/wp\/v2\/posts"}],"about":[{"href":"https:\/\/juvenilia.mg.gov.br\/portal\/wp-json\/wp\/v2\/types\/post"}],"author":[{"embeddable":true,"href":"https:\/\/juvenilia.mg.gov.br\/portal\/wp-json\/wp\/v2\/users\/2"}],"replies":[{"embeddable":true,"href":"https:\/\/juvenilia.mg.gov.br\/portal\/wp-json\/wp\/v2\/comments?post=35078"}],"version-history":[{"count":1,"href":"https:\/\/juvenilia.mg.gov.br\/portal\/wp-json\/wp\/v2\/posts\/35078\/revisions"}],"predecessor-version":[{"id":35081,"href":"https:\/\/juvenilia.mg.gov.br\/portal\/wp-json\/wp\/v2\/posts\/35078\/revisions\/35081"}],"wp:featuredmedia":[{"embeddable":true,"href":"https:\/\/juvenilia.mg.gov.br\/portal\/wp-json\/wp\/v2\/media\/35079"}],"wp:attachment":[{"href":"https:\/\/juvenilia.mg.gov.br\/portal\/wp-json\/wp\/v2\/media?parent=35078"}],"wp:term":[{"taxonomy":"category","embeddable":true,"href":"https:\/\/juvenilia.mg.gov.br\/portal\/wp-json\/wp\/v2\/categories?post=35078"},{"taxonomy":"post_tag","embeddable":true,"href":"https:\/\/juvenilia.mg.gov.br\/portal\/wp-json\/wp\/v2\/tags?post=35078"}],"curies":[{"name":"wp","href":"https:\/\/api.w.org\/{rel}","templated":true}]}}