{"id":35068,"date":"2023-05-25T14:43:42","date_gmt":"2023-05-25T17:43:42","guid":{"rendered":"http:\/\/juvenilia.mg.gov.br\/portal\/?p=35068"},"modified":"2023-05-25T14:43:43","modified_gmt":"2023-05-25T17:43:43","slug":"campanha-de-vacinacao-dia-d","status":"publish","type":"post","link":"https:\/\/juvenilia.mg.gov.br\/portal\/campanha-de-vacinacao-dia-d\/","title":{"rendered":"Campanha de vacina\u00e7\u00e3o &#8211; DIA D"},"content":{"rendered":"\n<p>No pr\u00f3ximo S\u00e1bado 27\/05\/2023 ocorrer\u00e1 na sala de vacina da Unidade de Sa\u00fade Ant\u00f4nio Lageado &#8211; sede do munic\u00edpio o dia &#8220;D&#8221; de imuniza\u00e7\u00e3o.<\/p>\n\n\n\n<p>A campanha ser\u00e1 para imunizar contra Gripe, Covid e todas as vacinas de rotina.<\/p>\n\n\n\n<p>P\u00fablico alvo:<\/p>\n\n\n\n<ul class=\"wp-block-list\">\n<li>crian\u00e7as de 06 meses a 06 anos;<\/li>\n\n\n\n<li>Gestantes e pu\u00e9rperas;<\/li>\n\n\n\n<li>Idosos a partir de 60 anos;<\/li>\n\n\n\n<li>Trabalhadores da Sa\u00fade;<\/li>\n\n\n\n<li>Professores;<\/li>\n\n\n\n<li>Caminhoneiros;<\/li>\n\n\n\n<li>For\u00e7a de seguran\u00e7a;<\/li>\n\n\n\n<li>Portadores de doen\u00e7as cr\u00f4nicas.<\/li>\n<\/ul>\n\n\n\n<p>Compare\u00e7a na unidade de sa\u00fade com seu cart\u00e3o do Sus e cart\u00e3o de vacina entre 07h as 17h.<br>Vacinas salvam vidas, vacine-se!<\/p>\n","protected":false},"excerpt":{"rendered":"<p>No pr\u00f3ximo S\u00e1bado 27\/05\/2023 ocorrer\u00e1 na sala de vacina da Unidade de Sa\u00fade Ant\u00f4nio Lageado &#8211; sede do munic\u00edpio o dia &#8220;D&#8221; de imuniza\u00e7\u00e3o. A campanha ser\u00e1 para imunizar contra Gripe, Covid e todas as vacinas de rotina. P\u00fablico alvo: Compare\u00e7a na unidade de sa\u00fade com seu cart\u00e3o do Sus e cart\u00e3o de vacina entre [&hellip;]<\/p>\n","protected":false},"author":2,"featured_media":35070,"comment_status":"closed","ping_status":"closed","sticky":false,"template":"","format":"standard","meta":{"footnotes":""},"categories":[25],"tags":[],"class_list":["post-35068","post","type-post","status-publish","format-standard","has-post-thumbnail","hentry","category-destaques"],"amp_enabled":true,"mfb_rest_fields":["gutenberg_elementor_mode","amp_enabled"],"_links":{"self":[{"href":"https:\/\/juvenilia.mg.gov.br\/portal\/wp-json\/wp\/v2\/posts\/35068","targetHints":{"allow":["GET"]}}],"collection":[{"href":"https:\/\/juvenilia.mg.gov.br\/portal\/wp-json\/wp\/v2\/posts"}],"about":[{"href":"https:\/\/juvenilia.mg.gov.br\/portal\/wp-json\/wp\/v2\/types\/post"}],"author":[{"embeddable":true,"href":"https:\/\/juvenilia.mg.gov.br\/portal\/wp-json\/wp\/v2\/users\/2"}],"replies":[{"embeddable":true,"href":"https:\/\/juvenilia.mg.gov.br\/portal\/wp-json\/wp\/v2\/comments?post=35068"}],"version-history":[{"count":1,"href":"https:\/\/juvenilia.mg.gov.br\/portal\/wp-json\/wp\/v2\/posts\/35068\/revisions"}],"predecessor-version":[{"id":35071,"href":"https:\/\/juvenilia.mg.gov.br\/portal\/wp-json\/wp\/v2\/posts\/35068\/revisions\/35071"}],"wp:featuredmedia":[{"embeddable":true,"href":"https:\/\/juvenilia.mg.gov.br\/portal\/wp-json\/wp\/v2\/media\/35070"}],"wp:attachment":[{"href":"https:\/\/juvenilia.mg.gov.br\/portal\/wp-json\/wp\/v2\/media?parent=35068"}],"wp:term":[{"taxonomy":"category","embeddable":true,"href":"https:\/\/juvenilia.mg.gov.br\/portal\/wp-json\/wp\/v2\/categories?post=35068"},{"taxonomy":"post_tag","embeddable":true,"href":"https:\/\/juvenilia.mg.gov.br\/portal\/wp-json\/wp\/v2\/tags?post=35068"}],"curies":[{"name":"wp","href":"https:\/\/api.w.org\/{rel}","templated":true}]}}