{"id":35002,"date":"2023-03-27T14:19:00","date_gmt":"2023-03-27T17:19:00","guid":{"rendered":"http:\/\/juvenilia.mg.gov.br\/portal\/?p=35002"},"modified":"2023-04-13T13:24:46","modified_gmt":"2023-04-13T16:24:46","slug":"decreto-165","status":"publish","type":"post","link":"https:\/\/juvenilia.mg.gov.br\/portal\/decreto-165\/","title":{"rendered":"Decreto 165, 27 de mar\u00e7o de 2023"},"content":{"rendered":"\n<p>A Prefeitura Municipal de Juven\u00edlia torna p\u00fablico o Decreto 165 de 27 de mar\u00e7o de 2023 que disp\u00f5e sobre a convoca\u00e7\u00e3o para a 4\u00aa (quarta) Confer\u00eancia Municipal de Sa\u00fade do Munic\u00edpio de Juven\u00edlia\/MG e da outras provid\u00eancias.<\/p>\n\n\n\n<div data-wp-interactive=\"core\/file\" class=\"wp-block-file\"><object data-wp-bind--hidden=\"!state.hasPdfPreview\" hidden class=\"wp-block-file__embed\" data=\"https:\/\/juvenilia.mg.gov.br\/portal\/wp-content\/uploads\/2023\/04\/Decreto-no-165-2023-Dispoe-sobre-Convocacao-pra-Conferencia-de-Saude.pdf\" type=\"application\/pdf\" style=\"width:100%;height:600px\" aria-label=\"Incorporado de Decreto n\u00ba 165-2023 - Disp\u00f5e sobre Convoca\u00e7\u00e3o pra Confer\u00eancia de Sa\u00fade.\"><\/object><a id=\"wp-block-file--media-194c122b-a113-472d-b450-8af864c21bca\" href=\"https:\/\/juvenilia.mg.gov.br\/portal\/wp-content\/uploads\/2023\/04\/Decreto-no-165-2023-Dispoe-sobre-Convocacao-pra-Conferencia-de-Saude.pdf\">Decreto n\u00ba 165-2023 &#8211; Disp\u00f5e sobre Convoca\u00e7\u00e3o pra Confer\u00eancia de Sa\u00fade<\/a><a href=\"https:\/\/juvenilia.mg.gov.br\/portal\/wp-content\/uploads\/2023\/04\/Decreto-no-165-2023-Dispoe-sobre-Convocacao-pra-Conferencia-de-Saude.pdf\" class=\"wp-block-file__button wp-element-button\" download aria-describedby=\"wp-block-file--media-194c122b-a113-472d-b450-8af864c21bca\">Baixar<\/a><\/div>\n","protected":false},"excerpt":{"rendered":"<p>A Prefeitura Municipal de Juven\u00edlia torna p\u00fablico o Decreto 165 de 27 de mar\u00e7o de 2023 que disp\u00f5e sobre a convoca\u00e7\u00e3o para a 4\u00aa (quarta) Confer\u00eancia Municipal de Sa\u00fade do Munic\u00edpio de Juven\u00edlia\/MG e da outras provid\u00eancias.<\/p>\n","protected":false},"author":2,"featured_media":0,"comment_status":"closed","ping_status":"closed","sticky":false,"template":"","format":"standard","meta":{"footnotes":""},"categories":[54,548],"tags":[],"class_list":["post-35002","post","type-post","status-publish","format-standard","hentry","category-decretos-municipais","category-diariooficial"],"amp_enabled":true,"mfb_rest_fields":["gutenberg_elementor_mode","amp_enabled"],"_links":{"self":[{"href":"https:\/\/juvenilia.mg.gov.br\/portal\/wp-json\/wp\/v2\/posts\/35002","targetHints":{"allow":["GET"]}}],"collection":[{"href":"https:\/\/juvenilia.mg.gov.br\/portal\/wp-json\/wp\/v2\/posts"}],"about":[{"href":"https:\/\/juvenilia.mg.gov.br\/portal\/wp-json\/wp\/v2\/types\/post"}],"author":[{"embeddable":true,"href":"https:\/\/juvenilia.mg.gov.br\/portal\/wp-json\/wp\/v2\/users\/2"}],"replies":[{"embeddable":true,"href":"https:\/\/juvenilia.mg.gov.br\/portal\/wp-json\/wp\/v2\/comments?post=35002"}],"version-history":[{"count":2,"href":"https:\/\/juvenilia.mg.gov.br\/portal\/wp-json\/wp\/v2\/posts\/35002\/revisions"}],"predecessor-version":[{"id":35007,"href":"https:\/\/juvenilia.mg.gov.br\/portal\/wp-json\/wp\/v2\/posts\/35002\/revisions\/35007"}],"wp:attachment":[{"href":"https:\/\/juvenilia.mg.gov.br\/portal\/wp-json\/wp\/v2\/media?parent=35002"}],"wp:term":[{"taxonomy":"category","embeddable":true,"href":"https:\/\/juvenilia.mg.gov.br\/portal\/wp-json\/wp\/v2\/categories?post=35002"},{"taxonomy":"post_tag","embeddable":true,"href":"https:\/\/juvenilia.mg.gov.br\/portal\/wp-json\/wp\/v2\/tags?post=35002"}],"curies":[{"name":"wp","href":"https:\/\/api.w.org\/{rel}","templated":true}]}}