{"id":34962,"date":"2023-03-29T17:42:24","date_gmt":"2023-03-29T20:42:24","guid":{"rendered":"http:\/\/juvenilia.mg.gov.br\/portal\/?p=34962"},"modified":"2023-03-29T17:42:26","modified_gmt":"2023-03-29T20:42:26","slug":"processo-licitatorio-020-2023-pregao-eletronico-005-2023","status":"publish","type":"post","link":"https:\/\/juvenilia.mg.gov.br\/portal\/processo-licitatorio-020-2023-pregao-eletronico-005-2023\/","title":{"rendered":"Processo Licitat\u00f3rio 020\/2023 \u2013 Preg\u00e3o Eletr\u00f4nico 005\/2023"},"content":{"rendered":"\n<p><strong>S\u00cdNTESE DO OBJETO:<\/strong> Sele\u00e7\u00e3o da proposta mais vantajosa, objetivando a futura \u00a0\u201caquisi\u00e7\u00e3o de 70 sacas de semente de milho comum (Variedade), saca com 20 quilos, para distribui\u00e7\u00e3o para os agricultores rurais de baixa renda\u201d, recurso financeiro oriundo de transfer\u00eancia especial em face de Emendas Parlamentares, indica n\u00ba 96.059 e 96058, conforme detalhado no termo de refer\u00eancia\/especifica\u00e7\u00f5es t\u00e9cnicas, em atendimento \u00e0 solicita\u00e7\u00e3o da Secretaria Municipal de Desenvolvimento, Agricultura e Meio Ambiente\u201d.<\/p>\n\n\n\n<p><strong>Abertura: 12\/04\/2023 as 08:05 Hs<\/strong><\/p>\n\n\n\n<p><strong>Downloads:<\/strong><\/p>\n\n\n\n<div class=\"wp-block-media-text alignwide is-stacked-on-mobile\" style=\"grid-template-columns:15% auto\"><figure class=\"wp-block-media-text__media\"><img decoding=\"async\" width=\"150\" height=\"150\" src=\"https:\/\/juvenilia.mg.gov.br\/portal\/wp-content\/uploads\/2018\/01\/pdf-150x150.png\" alt=\"Arquivo em PDF\" class=\"wp-image-27224 size-thumbnail\" title=\"\"><\/figure><div class=\"wp-block-media-text__content\"><a  data-e-Disable-Page-Transition=\"true\" class=\"download-link\" title=\"Vers\u00e3o sementes de milho\" href=\"https:\/\/juvenilia.mg.gov.br\/portal\/download\/34959\/?tmstv=1777107553\" rel=\"nofollow\" id=\"download-link-34959\" >\n\tPL n\u00ba 020-2023 - PE n\u00ba 005-2023 - Aquisi\u00e7\u00e3o de saca de milho para distribui\u00e7\u00e3o a agricultores de baixa renda\t(760 downloads\t)\n<\/a>\n\n<\/div><\/div>\n","protected":false},"excerpt":{"rendered":"<p>S\u00cdNTESE DO OBJETO: Sele\u00e7\u00e3o da proposta mais vantajosa, objetivando a futura \u00a0\u201caquisi\u00e7\u00e3o de 70 sacas de semente de milho comum (Variedade), saca com 20 quilos, para distribui\u00e7\u00e3o para os agricultores rurais de baixa renda\u201d, recurso financeiro oriundo de transfer\u00eancia especial em face de Emendas Parlamentares, indica n\u00ba 96.059 e 96058, conforme detalhado no termo de [&hellip;]<\/p>\n","protected":false},"author":1,"featured_media":0,"comment_status":"closed","ping_status":"closed","sticky":false,"template":"","format":"standard","meta":{"footnotes":""},"categories":[6,66],"tags":[],"class_list":["post-34962","post","type-post","status-publish","format-standard","hentry","category-licitacao_2017_2020","category-pregao-eletronico"],"amp_enabled":true,"mfb_rest_fields":["gutenberg_elementor_mode","amp_enabled"],"_links":{"self":[{"href":"https:\/\/juvenilia.mg.gov.br\/portal\/wp-json\/wp\/v2\/posts\/34962","targetHints":{"allow":["GET"]}}],"collection":[{"href":"https:\/\/juvenilia.mg.gov.br\/portal\/wp-json\/wp\/v2\/posts"}],"about":[{"href":"https:\/\/juvenilia.mg.gov.br\/portal\/wp-json\/wp\/v2\/types\/post"}],"author":[{"embeddable":true,"href":"https:\/\/juvenilia.mg.gov.br\/portal\/wp-json\/wp\/v2\/users\/1"}],"replies":[{"embeddable":true,"href":"https:\/\/juvenilia.mg.gov.br\/portal\/wp-json\/wp\/v2\/comments?post=34962"}],"version-history":[{"count":1,"href":"https:\/\/juvenilia.mg.gov.br\/portal\/wp-json\/wp\/v2\/posts\/34962\/revisions"}],"predecessor-version":[{"id":34964,"href":"https:\/\/juvenilia.mg.gov.br\/portal\/wp-json\/wp\/v2\/posts\/34962\/revisions\/34964"}],"wp:attachment":[{"href":"https:\/\/juvenilia.mg.gov.br\/portal\/wp-json\/wp\/v2\/media?parent=34962"}],"wp:term":[{"taxonomy":"category","embeddable":true,"href":"https:\/\/juvenilia.mg.gov.br\/portal\/wp-json\/wp\/v2\/categories?post=34962"},{"taxonomy":"post_tag","embeddable":true,"href":"https:\/\/juvenilia.mg.gov.br\/portal\/wp-json\/wp\/v2\/tags?post=34962"}],"curies":[{"name":"wp","href":"https:\/\/api.w.org\/{rel}","templated":true}]}}