{"id":34930,"date":"2023-03-28T17:40:50","date_gmt":"2023-03-28T20:40:50","guid":{"rendered":"http:\/\/juvenilia.mg.gov.br\/portal\/?p=34930"},"modified":"2023-03-28T17:40:51","modified_gmt":"2023-03-28T20:40:51","slug":"processo-licitatorio-018-2023-pregao-presencial-009-2023","status":"publish","type":"post","link":"https:\/\/juvenilia.mg.gov.br\/portal\/processo-licitatorio-018-2023-pregao-presencial-009-2023\/","title":{"rendered":"Processo Licitat\u00f3rio 018\/2023 \u2013 Preg\u00e3o Presencial 009\/2023"},"content":{"rendered":"\n<p><strong>S\u00cdNTESE DO OBJETO:<\/strong> <strong>Sele\u00e7\u00e3o de proposta mais vantajosa para a \u201c<\/strong>contrata\u00e7\u00e3o de servi\u00e7os de Laborat\u00f3rio Regional de Pr\u00f3tese Dent\u00e1ria (LRPD), para a confec\u00e7\u00e3o de pr\u00f3teses dent\u00e1rias, para a popula\u00e7\u00e3o carente<strong>\u201d, conforme disposto na Portaria Consolidada n\u00ba 6, de 28 de setembro de 2017, Se\u00e7\u00e3o V &#8211; Do financiamento dos laborat\u00f3rios regionais de pr\u00f3tese dent\u00e1ria (LRPD), tendo em vista que o Munic\u00edpio foi contemplado com transfer\u00eancia do recurso fundo a fundo, conforme disposto na Portaria n\u00ba 1230, de 11 de junho de 2018 e, em observ\u00e2ncia no que couber nas demais portarias e normas institu\u00eddas pelo Minist\u00e9rio da Sa\u00fade, objetivando a implementa\u00e7\u00e3o do Programa Brasil Sorridente, onde as despesas decorrentes ser\u00e3o custeadas pelo Governo Federal nos termos da Portaria e o valor remanescente ser\u00e3o custeados por recursos pr\u00f3prios do Munic\u00edpio, conforme detalhado no termo de refer\u00eancia, em atendimento solicita\u00e7\u00e3o da Secretaria Municipal de Sa\u00fade.<\/strong><\/p>\n\n\n\n<p><strong>Abertura: 11\/04\/2023 as 08;05 Hs<\/strong><\/p>\n\n\n\n<p><strong>Downloads:<\/strong><\/p>\n\n\n\n<div class=\"wp-block-media-text alignwide is-stacked-on-mobile\" style=\"grid-template-columns:15% auto\"><figure class=\"wp-block-media-text__media\"><img decoding=\"async\" width=\"150\" height=\"150\" src=\"https:\/\/juvenilia.mg.gov.br\/portal\/wp-content\/uploads\/2018\/01\/pdf-150x150.png\" alt=\"Arquivo em PDF\" class=\"wp-image-27224 size-thumbnail\" title=\"\"><\/figure><div class=\"wp-block-media-text__content\"><a  data-e-Disable-Page-Transition=\"true\" class=\"download-link\" title=\"Vers\u00e3o protese dentaria\" href=\"https:\/\/juvenilia.mg.gov.br\/portal\/download\/34926\/?tmstv=1777093727\" rel=\"nofollow\" id=\"download-link-34926\" >\n\tPL n\u00ba 018-2023 - PP n\u00ba 009-2023 - Servi\u00e7os de confec\u00e7\u00e3o de pr\u00f3tese dent\u00e1ria Programa Brasil Sorridente\t(856 downloads\t)\n<\/a>\n\n<\/div><\/div>\n","protected":false},"excerpt":{"rendered":"<p>S\u00cdNTESE DO OBJETO: Sele\u00e7\u00e3o de proposta mais vantajosa para a \u201ccontrata\u00e7\u00e3o de servi\u00e7os de Laborat\u00f3rio Regional de Pr\u00f3tese Dent\u00e1ria (LRPD), para a confec\u00e7\u00e3o de pr\u00f3teses dent\u00e1rias, para a popula\u00e7\u00e3o carente\u201d, conforme disposto na Portaria Consolidada n\u00ba 6, de 28 de setembro de 2017, Se\u00e7\u00e3o V &#8211; Do financiamento dos laborat\u00f3rios regionais de pr\u00f3tese dent\u00e1ria (LRPD), [&hellip;]<\/p>\n","protected":false},"author":1,"featured_media":0,"comment_status":"closed","ping_status":"closed","sticky":false,"template":"","format":"standard","meta":{"footnotes":""},"categories":[6,9],"tags":[],"class_list":["post-34930","post","type-post","status-publish","format-standard","hentry","category-licitacao_2017_2020","category-pregaopresencial"],"amp_enabled":true,"mfb_rest_fields":["gutenberg_elementor_mode","amp_enabled"],"_links":{"self":[{"href":"https:\/\/juvenilia.mg.gov.br\/portal\/wp-json\/wp\/v2\/posts\/34930","targetHints":{"allow":["GET"]}}],"collection":[{"href":"https:\/\/juvenilia.mg.gov.br\/portal\/wp-json\/wp\/v2\/posts"}],"about":[{"href":"https:\/\/juvenilia.mg.gov.br\/portal\/wp-json\/wp\/v2\/types\/post"}],"author":[{"embeddable":true,"href":"https:\/\/juvenilia.mg.gov.br\/portal\/wp-json\/wp\/v2\/users\/1"}],"replies":[{"embeddable":true,"href":"https:\/\/juvenilia.mg.gov.br\/portal\/wp-json\/wp\/v2\/comments?post=34930"}],"version-history":[{"count":1,"href":"https:\/\/juvenilia.mg.gov.br\/portal\/wp-json\/wp\/v2\/posts\/34930\/revisions"}],"predecessor-version":[{"id":34932,"href":"https:\/\/juvenilia.mg.gov.br\/portal\/wp-json\/wp\/v2\/posts\/34930\/revisions\/34932"}],"wp:attachment":[{"href":"https:\/\/juvenilia.mg.gov.br\/portal\/wp-json\/wp\/v2\/media?parent=34930"}],"wp:term":[{"taxonomy":"category","embeddable":true,"href":"https:\/\/juvenilia.mg.gov.br\/portal\/wp-json\/wp\/v2\/categories?post=34930"},{"taxonomy":"post_tag","embeddable":true,"href":"https:\/\/juvenilia.mg.gov.br\/portal\/wp-json\/wp\/v2\/tags?post=34930"}],"curies":[{"name":"wp","href":"https:\/\/api.w.org\/{rel}","templated":true}]}}