{"id":33278,"date":"2021-12-14T06:00:00","date_gmt":"2021-12-14T09:00:00","guid":{"rendered":"http:\/\/juvenilia.mg.gov.br\/portal\/?p=33278"},"modified":"2023-01-28T15:12:00","modified_gmt":"2023-01-28T18:12:00","slug":"processo-licitatorio-070-2021-tomada-de-precos-002-2021","status":"publish","type":"post","link":"https:\/\/juvenilia.mg.gov.br\/portal\/processo-licitatorio-070-2021-tomada-de-precos-002-2021\/","title":{"rendered":"Processo Licitat\u00f3rio 071\/2021 \u2013 Tomada de Pre\u00e7os 002\/2021"},"content":{"rendered":"\n<p><strong>S\u00cdNTESE DO OBJETO<\/strong>: sele\u00e7\u00e3o da proposta mais vantajosa objetivando a futura \u201ccontrata\u00e7\u00e3o de pessoa jur\u00eddica&nbsp; com habilidade em engenharia civil e ou arquitetura, para a presta\u00e7\u00e3o de servi\u00e7os de reformas (envolvendo pequenos reparos) de 06 (seis) escolas municipais,&nbsp; conforme detalhado na planilha or\u00e7ament\u00e1ria, no cronograma f\u00edsico financeiro, em conformidade com o projeto arquitet\u00f4nico, memorial descritivo e, o disposto no projeto b\u00e1sico\/especifica\u00e7\u00f5es complementares, em atendimento \u00e0 solicita\u00e7\u00e3o da Secretaria Municipal de Educa\u00e7\u00e3o e Cultura\u201d.<\/p>\n\n\n\n<p><strong>ABERTURA: 28\/12\/2021 as 08:00 Hs<\/strong><\/p>\n\n\n\n<p><strong>Downloads:<\/strong><\/p>\n\n\n\n<div class=\"wp-block-media-text alignwide is-stacked-on-mobile\" style=\"grid-template-columns:15% auto\"><figure class=\"wp-block-media-text__media\"><img decoding=\"async\" width=\"150\" height=\"150\" src=\"https:\/\/juvenilia.mg.gov.br\/portal\/wp-content\/uploads\/2018\/01\/pdf-150x150.png\" alt=\"Arquivo em PDF\" class=\"wp-image-27224 size-thumbnail\" title=\"\"><\/figure><div class=\"wp-block-media-text__content\"><p><a  data-e-Disable-Page-Transition=\"true\" class=\"download-link\" title=\"\" href=\"https:\/\/juvenilia.mg.gov.br\/portal\/download\/33331\/?tmstv=1777185871\" rel=\"nofollow\" id=\"download-link-33331\" >\n\tEdital Tomada de Pre\u00e7os\t(835 downloads\t)\n<\/a>\n<br \/>\n<a  data-e-Disable-Page-Transition=\"true\" class=\"download-link\" title=\"\" href=\"https:\/\/juvenilia.mg.gov.br\/portal\/download\/33335\/?tmstv=1777185871\" rel=\"nofollow\" id=\"download-link-33335\" >\n\tMemorial descritivo\t(732 downloads\t)\n<\/a>\n<br \/>\n<a  data-e-Disable-Page-Transition=\"true\" class=\"download-link\" title=\"\" href=\"https:\/\/juvenilia.mg.gov.br\/portal\/download\/33338\/?tmstv=1777185871\" rel=\"nofollow\" id=\"download-link-33338\" >\n\tPlanilha or\u00e7ament\u00e1ria\t(751 downloads\t)\n<\/a>\n<\/p>\n<\/div><\/div>\n","protected":false},"excerpt":{"rendered":"<p>S\u00cdNTESE DO OBJETO: sele\u00e7\u00e3o da proposta mais vantajosa objetivando a futura \u201ccontrata\u00e7\u00e3o de pessoa jur\u00eddica&nbsp; com habilidade em engenharia civil e ou arquitetura, para a presta\u00e7\u00e3o de servi\u00e7os de reformas (envolvendo pequenos reparos) de 06 (seis) escolas municipais,&nbsp; conforme detalhado na planilha or\u00e7ament\u00e1ria, no cronograma f\u00edsico financeiro, em conformidade com o projeto arquitet\u00f4nico, memorial descritivo [&hellip;]<\/p>\n","protected":false},"author":1,"featured_media":0,"comment_status":"closed","ping_status":"closed","sticky":false,"template":"","format":"standard","meta":{"footnotes":""},"categories":[6,8],"tags":[],"class_list":["post-33278","post","type-post","status-publish","format-standard","hentry","category-licitacao_2017_2020","category-tomadadeprecos"],"amp_enabled":true,"mfb_rest_fields":["gutenberg_elementor_mode","amp_enabled"],"_links":{"self":[{"href":"https:\/\/juvenilia.mg.gov.br\/portal\/wp-json\/wp\/v2\/posts\/33278","targetHints":{"allow":["GET"]}}],"collection":[{"href":"https:\/\/juvenilia.mg.gov.br\/portal\/wp-json\/wp\/v2\/posts"}],"about":[{"href":"https:\/\/juvenilia.mg.gov.br\/portal\/wp-json\/wp\/v2\/types\/post"}],"author":[{"embeddable":true,"href":"https:\/\/juvenilia.mg.gov.br\/portal\/wp-json\/wp\/v2\/users\/1"}],"replies":[{"embeddable":true,"href":"https:\/\/juvenilia.mg.gov.br\/portal\/wp-json\/wp\/v2\/comments?post=33278"}],"version-history":[{"count":1,"href":"https:\/\/juvenilia.mg.gov.br\/portal\/wp-json\/wp\/v2\/posts\/33278\/revisions"}],"predecessor-version":[{"id":34253,"href":"https:\/\/juvenilia.mg.gov.br\/portal\/wp-json\/wp\/v2\/posts\/33278\/revisions\/34253"}],"wp:attachment":[{"href":"https:\/\/juvenilia.mg.gov.br\/portal\/wp-json\/wp\/v2\/media?parent=33278"}],"wp:term":[{"taxonomy":"category","embeddable":true,"href":"https:\/\/juvenilia.mg.gov.br\/portal\/wp-json\/wp\/v2\/categories?post=33278"},{"taxonomy":"post_tag","embeddable":true,"href":"https:\/\/juvenilia.mg.gov.br\/portal\/wp-json\/wp\/v2\/tags?post=33278"}],"curies":[{"name":"wp","href":"https:\/\/api.w.org\/{rel}","templated":true}]}}