{"id":33270,"date":"2021-11-24T06:00:00","date_gmt":"2021-11-24T09:00:00","guid":{"rendered":"http:\/\/juvenilia.mg.gov.br\/portal\/?p=33270"},"modified":"2023-01-28T15:20:27","modified_gmt":"2023-01-28T18:20:27","slug":"processo-licitatorio-066-2021-pregao-presencial-028-2021","status":"publish","type":"post","link":"https:\/\/juvenilia.mg.gov.br\/portal\/processo-licitatorio-066-2021-pregao-presencial-028-2021\/","title":{"rendered":"Processo Licitat\u00f3rio 066\/2021 \u2013 Preg\u00e3o Presencial 028\/2021"},"content":{"rendered":"\n<p>S\u00cdNTESE DO OBJETO: Sele\u00e7\u00e3o da proposta mais vantajosa objetivando registro de pre\u00e7os para a futura e eventual \u201ccontrata\u00e7\u00e3o de servi\u00e7os de emissora de r\u00e1dio comercial em frequ\u00eancia modulada (FM) com potencia m\u00ednima para cobertura de todo territ\u00f3rio do Munic\u00edpio de Juven\u00edlia\u201d, objetivando a divulga\u00e7\u00e3o de informativos de interesse da municipalidade, conforme detalhado no termo de referencia, em atendimento a solicita\u00e7\u00e3o da Secretaria Geral de Administra\u00e7\u00e3o.<\/p>\n\n\n\n<p><strong>Abertura: 07\/12\/2021 as 08:05 Hs<\/strong><\/p>\n\n\n\n<p><strong>Downloads:<\/strong><\/p>\n\n\n\n<div class=\"wp-block-media-text alignwide is-stacked-on-mobile\" style=\"grid-template-columns:15% auto\"><figure class=\"wp-block-media-text__media\"><img decoding=\"async\" width=\"150\" height=\"150\" src=\"https:\/\/juvenilia.mg.gov.br\/portal\/wp-content\/uploads\/2018\/01\/pdf-150x150.png\" alt=\"Arquivo em PDF\" class=\"wp-image-27224 size-thumbnail\" title=\"\"><\/figure><div class=\"wp-block-media-text__content\"><a  data-e-Disable-Page-Transition=\"true\" class=\"download-link\" title=\"\" href=\"https:\/\/juvenilia.mg.gov.br\/portal\/download\/33267\/?tmstv=1777366395\" rel=\"nofollow\" id=\"download-link-33267\" >\n\tProcesso Licitat\u00f3rio n\u00ba 066-2021- Preg\u00e3o Presencial n\u00ba 028-2021 - Servi\u00e7os de emissora de r\u00e1dio\t(783 downloads\t)\n<\/a>\n\n<\/div><\/div>\n","protected":false},"excerpt":{"rendered":"<p>S\u00cdNTESE DO OBJETO: Sele\u00e7\u00e3o da proposta mais vantajosa objetivando registro de pre\u00e7os para a futura e eventual \u201ccontrata\u00e7\u00e3o de servi\u00e7os de emissora de r\u00e1dio comercial em frequ\u00eancia modulada (FM) com potencia m\u00ednima para cobertura de todo territ\u00f3rio do Munic\u00edpio de Juven\u00edlia\u201d, objetivando a divulga\u00e7\u00e3o de informativos de interesse da municipalidade, conforme detalhado no termo de [&hellip;]<\/p>\n","protected":false},"author":1,"featured_media":0,"comment_status":"closed","ping_status":"closed","sticky":false,"template":"","format":"standard","meta":{"footnotes":""},"categories":[6,9],"tags":[],"class_list":["post-33270","post","type-post","status-publish","format-standard","hentry","category-licitacao_2017_2020","category-pregaopresencial"],"amp_enabled":true,"mfb_rest_fields":["gutenberg_elementor_mode","amp_enabled"],"_links":{"self":[{"href":"https:\/\/juvenilia.mg.gov.br\/portal\/wp-json\/wp\/v2\/posts\/33270","targetHints":{"allow":["GET"]}}],"collection":[{"href":"https:\/\/juvenilia.mg.gov.br\/portal\/wp-json\/wp\/v2\/posts"}],"about":[{"href":"https:\/\/juvenilia.mg.gov.br\/portal\/wp-json\/wp\/v2\/types\/post"}],"author":[{"embeddable":true,"href":"https:\/\/juvenilia.mg.gov.br\/portal\/wp-json\/wp\/v2\/users\/1"}],"replies":[{"embeddable":true,"href":"https:\/\/juvenilia.mg.gov.br\/portal\/wp-json\/wp\/v2\/comments?post=33270"}],"version-history":[{"count":1,"href":"https:\/\/juvenilia.mg.gov.br\/portal\/wp-json\/wp\/v2\/posts\/33270\/revisions"}],"predecessor-version":[{"id":34259,"href":"https:\/\/juvenilia.mg.gov.br\/portal\/wp-json\/wp\/v2\/posts\/33270\/revisions\/34259"}],"wp:attachment":[{"href":"https:\/\/juvenilia.mg.gov.br\/portal\/wp-json\/wp\/v2\/media?parent=33270"}],"wp:term":[{"taxonomy":"category","embeddable":true,"href":"https:\/\/juvenilia.mg.gov.br\/portal\/wp-json\/wp\/v2\/categories?post=33270"},{"taxonomy":"post_tag","embeddable":true,"href":"https:\/\/juvenilia.mg.gov.br\/portal\/wp-json\/wp\/v2\/tags?post=33270"}],"curies":[{"name":"wp","href":"https:\/\/api.w.org\/{rel}","templated":true}]}}