{"id":30622,"date":"2020-01-30T06:10:00","date_gmt":"2020-01-30T09:10:00","guid":{"rendered":"http:\/\/juvenilia.mg.gov.br\/portal\/?p=30622"},"modified":"2023-01-28T16:16:42","modified_gmt":"2023-01-28T19:16:42","slug":"processo-licitatorio-004-2020-pregao-presencial-004-2020","status":"publish","type":"post","link":"https:\/\/juvenilia.mg.gov.br\/portal\/processo-licitatorio-004-2020-pregao-presencial-004-2020\/","title":{"rendered":"Processo Licitat\u00f3rio 004\/2020 \u2013 Preg\u00e3o Presencial 004\/2020"},"content":{"rendered":"\n<p><strong>S\u00cdNTESE DO OBJETO:<\/strong>&nbsp;Sele\u00e7\u00e3o da proposta mais vantajosa objetivando registro de pre\u00e7os para a futura e eventual \u201ccontrata\u00e7\u00e3o de pessoa jur\u00eddica com habilidade no ramo pertinente, para a presta\u00e7\u00e3o de servi\u00e7os de loca\u00e7\u00e3o de estruturas (palco, som, ilumina\u00e7\u00e3o e outros recursos) para realiza\u00e7\u00e3o de festejos tradicionais e outros eventos na sede e na zona rural do Munic\u00edpio, objetivando proporcionar entretenimento da popula\u00e7\u00e3o, conforme detalhado no termo de referencia, em atendimento \u00e0 solicita\u00e7\u00e3o da Secretaria Geral de Administra\u00e7\u00e3o\u201d.<\/p>\n\n\n\n<h5 class=\"wp-block-heading\">Abertura: Dia 12\/02\/2020<\/h5>\n\n\n\n<h4 class=\"wp-block-heading\">Downloads<\/h4>\n\n\n<div class=\"wp-block-image\">\n<figure class=\"alignleft size-large\"><img decoding=\"async\" width=\"64\" height=\"65\" src=\"https:\/\/juvenilia.mg.gov.br\/portal\/wp-content\/uploads\/2018\/01\/pdf-e1530588006399.png\" alt=\"\" class=\"wp-image-27224\" title=\"\"><\/figure>\n<\/div>\n\n<a  data-e-Disable-Page-Transition=\"true\" class=\"download-link\" title=\"\" href=\"https:\/\/juvenilia.mg.gov.br\/portal\/download\/30617\/?tmstv=1777295290\" rel=\"nofollow\" id=\"download-link-30617\" >\n\tEdital - Preg\u00e3o Presencial n\u00ba 004-2020 - Servi\u00e7o de loca\u00e7\u00e3o de estruturas para realiza\u00e7\u00e3o de shows art\u00edsticos musicais\t(990 downloads\t)\n<\/a>\n\n","protected":false},"excerpt":{"rendered":"<p>S\u00cdNTESE DO OBJETO:&nbsp;Sele\u00e7\u00e3o da proposta mais vantajosa objetivando registro de pre\u00e7os para a futura e eventual \u201ccontrata\u00e7\u00e3o de pessoa jur\u00eddica com habilidade no ramo pertinente, para a presta\u00e7\u00e3o de servi\u00e7os de loca\u00e7\u00e3o de estruturas (palco, som, ilumina\u00e7\u00e3o e outros recursos) para realiza\u00e7\u00e3o de festejos tradicionais e outros eventos na sede e na zona rural do [&hellip;]<\/p>\n","protected":false},"author":2,"featured_media":0,"comment_status":"closed","ping_status":"closed","sticky":false,"template":"","format":"standard","meta":{"footnotes":""},"categories":[6,9],"tags":[],"class_list":["post-30622","post","type-post","status-publish","format-standard","hentry","category-licitacao_2017_2020","category-pregaopresencial"],"amp_enabled":true,"mfb_rest_fields":["gutenberg_elementor_mode","amp_enabled"],"_links":{"self":[{"href":"https:\/\/juvenilia.mg.gov.br\/portal\/wp-json\/wp\/v2\/posts\/30622","targetHints":{"allow":["GET"]}}],"collection":[{"href":"https:\/\/juvenilia.mg.gov.br\/portal\/wp-json\/wp\/v2\/posts"}],"about":[{"href":"https:\/\/juvenilia.mg.gov.br\/portal\/wp-json\/wp\/v2\/types\/post"}],"author":[{"embeddable":true,"href":"https:\/\/juvenilia.mg.gov.br\/portal\/wp-json\/wp\/v2\/users\/2"}],"replies":[{"embeddable":true,"href":"https:\/\/juvenilia.mg.gov.br\/portal\/wp-json\/wp\/v2\/comments?post=30622"}],"version-history":[{"count":1,"href":"https:\/\/juvenilia.mg.gov.br\/portal\/wp-json\/wp\/v2\/posts\/30622\/revisions"}],"predecessor-version":[{"id":34395,"href":"https:\/\/juvenilia.mg.gov.br\/portal\/wp-json\/wp\/v2\/posts\/30622\/revisions\/34395"}],"wp:attachment":[{"href":"https:\/\/juvenilia.mg.gov.br\/portal\/wp-json\/wp\/v2\/media?parent=30622"}],"wp:term":[{"taxonomy":"category","embeddable":true,"href":"https:\/\/juvenilia.mg.gov.br\/portal\/wp-json\/wp\/v2\/categories?post=30622"},{"taxonomy":"post_tag","embeddable":true,"href":"https:\/\/juvenilia.mg.gov.br\/portal\/wp-json\/wp\/v2\/tags?post=30622"}],"curies":[{"name":"wp","href":"https:\/\/api.w.org\/{rel}","templated":true}]}}