{"id":30514,"date":"2019-09-03T08:41:57","date_gmt":"2019-09-03T11:41:57","guid":{"rendered":"http:\/\/juvenilia.mg.gov.br\/portal\/?p=30514"},"modified":"2023-01-28T16:21:46","modified_gmt":"2023-01-28T19:21:46","slug":"processo-licitatorio-049-2019-pregao-presencial-029-2019","status":"publish","type":"post","link":"https:\/\/juvenilia.mg.gov.br\/portal\/processo-licitatorio-049-2019-pregao-presencial-029-2019\/","title":{"rendered":"Processo Licitat\u00f3rio 049\/2019 \u2013 Preg\u00e3o Presencial 029\/2019"},"content":{"rendered":"\n<p><strong>S\u00cdNTESE DO OBJETO<\/strong>: sele\u00e7\u00e3o da proposta mais vantajosa objetivando&nbsp;<strong>Registro de Pre\u00e7os<\/strong>&nbsp;para a futura e eventual \u201caquisi\u00e7\u00e3o de combust\u00edveis para abastecimento de ve\u00edculos e maquinas na sede do Munic\u00edpio, conforme detalhado no termo de refer\u00eancia, em atendimento \u00e0 solicita\u00e7\u00e3o da Secretaria Municipal de Transporte&nbsp; Estradas Vicinais\u201d.<\/p>\n\n\n\n<h4 class=\"wp-block-heading\">Abertura: Dia 18\/09\/2019<\/h4>\n\n\n\n<p><strong>Downloads<\/strong><\/p>\n\n\n<div class=\"wp-block-image\">\n<figure class=\"alignleft\"><img decoding=\"async\" width=\"64\" height=\"65\" src=\"https:\/\/juvenilia.mg.gov.br\/portal\/wp-content\/uploads\/2018\/01\/pdf-e1530588006399.png\" alt=\"\" class=\"wp-image-27224\" title=\"\"><\/figure>\n<\/div>\n\n<a  data-e-Disable-Page-Transition=\"true\" class=\"download-link\" title=\"\" href=\"https:\/\/juvenilia.mg.gov.br\/portal\/download\/30511\/?tmstv=1777097135\" rel=\"nofollow\" id=\"download-link-30511\" >\n\tEdital - Preg\u00e3o Presencial n\u00ba 029-2019 - Aquisi\u00e7\u00e3o de combust\u00edveis abastecimento da frota do municipio\t(933 downloads\t)\n<\/a>\n\n","protected":false},"excerpt":{"rendered":"<p>S\u00cdNTESE DO OBJETO: sele\u00e7\u00e3o da proposta mais vantajosa objetivando&nbsp;Registro de Pre\u00e7os&nbsp;para a futura e eventual \u201caquisi\u00e7\u00e3o de combust\u00edveis para abastecimento de ve\u00edculos e maquinas na sede do Munic\u00edpio, conforme detalhado no termo de refer\u00eancia, em atendimento \u00e0 solicita\u00e7\u00e3o da Secretaria Municipal de Transporte&nbsp; Estradas Vicinais\u201d. Abertura: Dia 18\/09\/2019 Downloads<\/p>\n","protected":false},"author":2,"featured_media":0,"comment_status":"closed","ping_status":"closed","sticky":false,"template":"","format":"standard","meta":{"footnotes":""},"categories":[6,9],"tags":[],"class_list":["post-30514","post","type-post","status-publish","format-standard","hentry","category-licitacao_2017_2020","category-pregaopresencial"],"amp_enabled":true,"mfb_rest_fields":["gutenberg_elementor_mode","amp_enabled"],"_links":{"self":[{"href":"https:\/\/juvenilia.mg.gov.br\/portal\/wp-json\/wp\/v2\/posts\/30514","targetHints":{"allow":["GET"]}}],"collection":[{"href":"https:\/\/juvenilia.mg.gov.br\/portal\/wp-json\/wp\/v2\/posts"}],"about":[{"href":"https:\/\/juvenilia.mg.gov.br\/portal\/wp-json\/wp\/v2\/types\/post"}],"author":[{"embeddable":true,"href":"https:\/\/juvenilia.mg.gov.br\/portal\/wp-json\/wp\/v2\/users\/2"}],"replies":[{"embeddable":true,"href":"https:\/\/juvenilia.mg.gov.br\/portal\/wp-json\/wp\/v2\/comments?post=30514"}],"version-history":[{"count":1,"href":"https:\/\/juvenilia.mg.gov.br\/portal\/wp-json\/wp\/v2\/posts\/30514\/revisions"}],"predecessor-version":[{"id":34415,"href":"https:\/\/juvenilia.mg.gov.br\/portal\/wp-json\/wp\/v2\/posts\/30514\/revisions\/34415"}],"wp:attachment":[{"href":"https:\/\/juvenilia.mg.gov.br\/portal\/wp-json\/wp\/v2\/media?parent=30514"}],"wp:term":[{"taxonomy":"category","embeddable":true,"href":"https:\/\/juvenilia.mg.gov.br\/portal\/wp-json\/wp\/v2\/categories?post=30514"},{"taxonomy":"post_tag","embeddable":true,"href":"https:\/\/juvenilia.mg.gov.br\/portal\/wp-json\/wp\/v2\/tags?post=30514"}],"curies":[{"name":"wp","href":"https:\/\/api.w.org\/{rel}","templated":true}]}}