{"id":30376,"date":"2019-07-04T07:40:27","date_gmt":"2019-07-04T10:40:27","guid":{"rendered":"http:\/\/juvenilia.mg.gov.br\/portal\/?p=30376"},"modified":"2023-01-28T16:27:53","modified_gmt":"2023-01-28T19:27:53","slug":"processo-licitatorio-036-2019-leilao-001-2019","status":"publish","type":"post","link":"https:\/\/juvenilia.mg.gov.br\/portal\/processo-licitatorio-036-2019-leilao-001-2019\/","title":{"rendered":"Processo Licitat\u00f3rio 036\/2019 \u2013 Leil\u00e3o 001\/2019"},"content":{"rendered":"\n<p><strong>S\u00cdNTESE DO OBJETO:<\/strong> Leil\u00e3o P\u00fablico Presencial,\nobjetivando a aliena\u00e7\u00e3o do im\u00f3vel objeto de patrim\u00f4nio do Munic\u00edpio de Juven\u00edlia,\nlocalizado na Rua Dona M\u00e1rcia 241, Centro, conforme disposto na lei Municipal\nn\u00ba 019, de 29 de outubro de 2018 e, em observ\u00e2ncia ao disposto no caput e no inciso I do art. 17\nc\/c art. 22 \u00a7 5\u00ba, ambos da Lei Federal n\u00ba 8.666\/93,\ntendo como Leiloeiro Oficial o &nbsp;\u201cSr. Marcus\nVinicius da Silva, inscrito na Junta Comercial sob o n\u00ba 107\u201d, onde o\nleil\u00e3o dar-se-\u00e1 no endere\u00e7o do im\u00f3vel, no dia 19.07.2019, com inicio \u00e0s 16:00\nhoras, de\nacordo ainda com o descrito no \u201cEdital\u201d, conforme &nbsp;solicita\u00e7\u00e3o da Secretaria Municipal\nde Sa\u00fade e Saneamento.<strong><\/strong><\/p>\n\n\n\n<h4 class=\"wp-block-heading\">Abertura: Dia 19.07.2019 \u00e0s 16:00<\/h4>\n\n\n<div class=\"wp-block-image\">\n<figure class=\"alignleft\"><img decoding=\"async\" width=\"64\" height=\"65\" src=\"https:\/\/juvenilia.mg.gov.br\/portal\/wp-content\/uploads\/2018\/01\/pdf-e1530588006399.png\" alt=\"\" class=\"wp-image-27224\" title=\"\"><\/figure>\n<\/div>\n\n<a  data-e-Disable-Page-Transition=\"true\" class=\"download-link\" title=\"\" href=\"https:\/\/juvenilia.mg.gov.br\/portal\/download\/30377\/?tmstv=1777192876\" rel=\"nofollow\" id=\"download-link-30377\" >\n\tEdital Leit\u00e3o 001\/2019 - Aliena\u00e7\u00e3o de im\u00f3vel\t(1059 downloads\t)\n<\/a>\n\n","protected":false},"excerpt":{"rendered":"<p>S\u00cdNTESE DO OBJETO: Leil\u00e3o P\u00fablico Presencial, objetivando a aliena\u00e7\u00e3o do im\u00f3vel objeto de patrim\u00f4nio do Munic\u00edpio de Juven\u00edlia, localizado na Rua Dona M\u00e1rcia 241, Centro, conforme disposto na lei Municipal n\u00ba 019, de 29 de outubro de 2018 e, em observ\u00e2ncia ao disposto no caput e no inciso I do art. 17 c\/c art. 22 [&hellip;]<\/p>\n","protected":false},"author":2,"featured_media":0,"comment_status":"closed","ping_status":"closed","sticky":false,"template":"","format":"standard","meta":{"footnotes":""},"categories":[6,34],"tags":[],"class_list":["post-30376","post","type-post","status-publish","format-standard","hentry","category-licitacao_2017_2020","category-leilao"],"amp_enabled":true,"mfb_rest_fields":["gutenberg_elementor_mode","amp_enabled"],"_links":{"self":[{"href":"https:\/\/juvenilia.mg.gov.br\/portal\/wp-json\/wp\/v2\/posts\/30376","targetHints":{"allow":["GET"]}}],"collection":[{"href":"https:\/\/juvenilia.mg.gov.br\/portal\/wp-json\/wp\/v2\/posts"}],"about":[{"href":"https:\/\/juvenilia.mg.gov.br\/portal\/wp-json\/wp\/v2\/types\/post"}],"author":[{"embeddable":true,"href":"https:\/\/juvenilia.mg.gov.br\/portal\/wp-json\/wp\/v2\/users\/2"}],"replies":[{"embeddable":true,"href":"https:\/\/juvenilia.mg.gov.br\/portal\/wp-json\/wp\/v2\/comments?post=30376"}],"version-history":[{"count":1,"href":"https:\/\/juvenilia.mg.gov.br\/portal\/wp-json\/wp\/v2\/posts\/30376\/revisions"}],"predecessor-version":[{"id":34435,"href":"https:\/\/juvenilia.mg.gov.br\/portal\/wp-json\/wp\/v2\/posts\/30376\/revisions\/34435"}],"wp:attachment":[{"href":"https:\/\/juvenilia.mg.gov.br\/portal\/wp-json\/wp\/v2\/media?parent=30376"}],"wp:term":[{"taxonomy":"category","embeddable":true,"href":"https:\/\/juvenilia.mg.gov.br\/portal\/wp-json\/wp\/v2\/categories?post=30376"},{"taxonomy":"post_tag","embeddable":true,"href":"https:\/\/juvenilia.mg.gov.br\/portal\/wp-json\/wp\/v2\/tags?post=30376"}],"curies":[{"name":"wp","href":"https:\/\/api.w.org\/{rel}","templated":true}]}}