{"id":27715,"date":"2018-09-12T12:35:13","date_gmt":"2018-09-12T15:35:13","guid":{"rendered":"http:\/\/juvenilia.mg.gov.br\/portal\/?p=27715"},"modified":"2023-01-28T17:18:10","modified_gmt":"2023-01-28T20:18:10","slug":"processo-licitatorio-045-2018-inexigibilidade-de-licitacao-006-2018","status":"publish","type":"post","link":"https:\/\/juvenilia.mg.gov.br\/portal\/processo-licitatorio-045-2018-inexigibilidade-de-licitacao-006-2018\/","title":{"rendered":"Processo Licitat\u00f3rio 045\/2018 \u2013 Inexigibilidade de Licita\u00e7\u00e3o 006\/2018"},"content":{"rendered":"\n<p><strong>S\u00cdNTESE DO OBJETO<\/strong>: Ades\u00e3o \u00e0 Ata de Registro de Pre\u00e7os n\u00ba 043\/2018, celebrada entre o Munic\u00edpio de Bras\u00edlia de Minas e a empresa Damasceno Constru\u00e7\u00f5es Ltda-EPP, por conta da presta\u00e7\u00e3o de servi\u00e7os de substitui\u00e7\u00e3o de 35 lumin\u00e1rias&nbsp; vapor de s\u00f3dio de 100 w e ou vapor de merc\u00fario de 125 w, por (Hesa Light), bem como substitui\u00e7\u00e3o de 35 lumin\u00e1rias(l\u00e2mpadas) vapor de s\u00f3dio de 70 w e ou vapor de s\u00f3dio de 80 w por (Hesa Light),incluso fornecimento das respectivas lumin\u00e1rias e materiais que se fizer em necess\u00e1rios, conforme detalhado no anexo I \u2013 termo de refer\u00eancia, em atendimento \u00e0 solicita\u00e7\u00e3o da Secretaria Municipal de Obras e Servi\u00e7os Comunit\u00e1rios\u201d.&nbsp; <\/p>\n\n\n\n<h5 class=\"wp-block-heading\">Publica\u00e7\u00e3o: Resultado do Processo Licitat\u00f3rio 045\/2018<br><\/h5>\n\n\n\n<figure class=\"wp-block-embed is-type-rich is-provider-incorporar-manipulador\"><div class=\"wp-block-embed__wrapper\">\nhttps:\/\/juvenilia.mg.gov.br\/portal\/wp-content\/uploads\/2018\/11\/Resultado_Processo_045_2018.pdf\n<\/div><\/figure>\n\n\n\n<h5 class=\"wp-block-heading\">Publica\u00e7\u00e3o: Extrato Contrato Administrativo n\u00ba 027\/2018<br><\/h5>\n\n\n\n<figure class=\"wp-block-embed is-type-rich is-provider-incorporar-manipulador\"><div class=\"wp-block-embed__wrapper\">\nhttps:\/\/juvenilia.mg.gov.br\/portal\/wp-content\/uploads\/2018\/11\/Extrato_Contrato_027_2018_Processo_045_2018.pdf\n<\/div><\/figure>\n","protected":false},"excerpt":{"rendered":"<p>S\u00cdNTESE DO OBJETO: Ades\u00e3o \u00e0 Ata de Registro de Pre\u00e7os n\u00ba 043\/2018, celebrada entre o Munic\u00edpio de Bras\u00edlia de Minas e a empresa Damasceno Constru\u00e7\u00f5es Ltda-EPP, por conta da presta\u00e7\u00e3o de servi\u00e7os de substitui\u00e7\u00e3o de 35 lumin\u00e1rias&nbsp; vapor de s\u00f3dio de 100 w e ou vapor de merc\u00fario de 125 w, por (Hesa Light), bem [&hellip;]<\/p>\n","protected":false},"author":2,"featured_media":0,"comment_status":"closed","ping_status":"closed","sticky":false,"template":"","format":"standard","meta":{"footnotes":""},"categories":[7,6],"tags":[],"class_list":["post-27715","post","type-post","status-publish","format-standard","hentry","category-inexigibilidade","category-licitacao_2017_2020"],"amp_enabled":true,"mfb_rest_fields":["gutenberg_elementor_mode","amp_enabled"],"_links":{"self":[{"href":"https:\/\/juvenilia.mg.gov.br\/portal\/wp-json\/wp\/v2\/posts\/27715","targetHints":{"allow":["GET"]}}],"collection":[{"href":"https:\/\/juvenilia.mg.gov.br\/portal\/wp-json\/wp\/v2\/posts"}],"about":[{"href":"https:\/\/juvenilia.mg.gov.br\/portal\/wp-json\/wp\/v2\/types\/post"}],"author":[{"embeddable":true,"href":"https:\/\/juvenilia.mg.gov.br\/portal\/wp-json\/wp\/v2\/users\/2"}],"replies":[{"embeddable":true,"href":"https:\/\/juvenilia.mg.gov.br\/portal\/wp-json\/wp\/v2\/comments?post=27715"}],"version-history":[{"count":1,"href":"https:\/\/juvenilia.mg.gov.br\/portal\/wp-json\/wp\/v2\/posts\/27715\/revisions"}],"predecessor-version":[{"id":34520,"href":"https:\/\/juvenilia.mg.gov.br\/portal\/wp-json\/wp\/v2\/posts\/27715\/revisions\/34520"}],"wp:attachment":[{"href":"https:\/\/juvenilia.mg.gov.br\/portal\/wp-json\/wp\/v2\/media?parent=27715"}],"wp:term":[{"taxonomy":"category","embeddable":true,"href":"https:\/\/juvenilia.mg.gov.br\/portal\/wp-json\/wp\/v2\/categories?post=27715"},{"taxonomy":"post_tag","embeddable":true,"href":"https:\/\/juvenilia.mg.gov.br\/portal\/wp-json\/wp\/v2\/tags?post=27715"}],"curies":[{"name":"wp","href":"https:\/\/api.w.org\/{rel}","templated":true}]}}