{"id":27614,"date":"2018-05-14T10:04:28","date_gmt":"2018-05-14T13:04:28","guid":{"rendered":"http:\/\/juvenilia.mg.gov.br\/portal\/?p=27614"},"modified":"2023-01-28T17:28:42","modified_gmt":"2023-01-28T20:28:42","slug":"processo-licitatorio-026-2018-dispensa-de-licitacao-008-2018","status":"publish","type":"post","link":"https:\/\/juvenilia.mg.gov.br\/portal\/processo-licitatorio-026-2018-dispensa-de-licitacao-008-2018\/","title":{"rendered":"Processo Licitat\u00f3rio 026\/2018 \u2013 Dispensa de Licita\u00e7\u00e3o 008\/2018"},"content":{"rendered":"\n<p><strong>S\u00cdNTESE DO OBJETO:<\/strong> Contrata\u00e7\u00e3o de empresa especializada em mec\u00e2nica de ve\u00edculos pesados, para realizar os servi\u00e7os de retifica do motor MWM acoplado no veiculo tipo caminh\u00e3o,&nbsp; marca Volkswagen, placa GMG 0808, doado pela FUCAM ao Munic\u00edpio de Juven\u00edlia, contrata\u00e7\u00e3o esta atrav\u00e9s dispensa de licita\u00e7\u00e3o, com fulcro no art. 24, inciso II da Lei Federal n\u00ba 8.666\/93,conforme detalhado no termo de referencia, em atendimento \u00e0 solicita\u00e7\u00e3o da Secretaria Municipal de Transporte\u201d.&nbsp; <\/p>\n\n\n\n<h4 class=\"wp-block-heading\">Publica\u00e7\u00e3o<br><\/h4>\n\n\n\n<p>Resultado do processo licitat\u00f3rio<br><\/p>\n\n\n\n<p class=\"wp-block-pdfemb-pdf-embedder-viewer\"><\/p>\n\n\n\n<div class=\"wp-block-file\"><a id=\"wp-block-file--media-8fc8ad35-8713-4128-8159-48cae0ecaf65\" href=\"https:\/\/juvenilia.mg.gov.br\/portal\/wp-content\/uploads\/2018\/11\/Resultado_processo_026_2018_dispensa_008_2018.pdf\">Resultado Processo Licitat\u00f3rio 026\/2018 &#8211; Dispensa de Licita\u00e7\u00e3o 008\/2018<\/a><a href=\"https:\/\/juvenilia.mg.gov.br\/portal\/wp-content\/uploads\/2018\/11\/Resultado_processo_026_2018_dispensa_008_2018.pdf\" class=\"wp-block-file__button wp-element-button\" download aria-describedby=\"wp-block-file--media-8fc8ad35-8713-4128-8159-48cae0ecaf65\">Download<\/a><\/div>\n\n\n\n<p>Extrato do Contrato Administrativo n\u00ba 014\/2018<br><\/p>\n\n\n\n<p class=\"wp-block-pdfemb-pdf-embedder-viewer\"><\/p>\n\n\n\n<div class=\"wp-block-file\"><a id=\"wp-block-file--media-24525dc8-0b2f-4dc4-8b47-727d868aaf71\" href=\"https:\/\/juvenilia.mg.gov.br\/portal\/wp-content\/uploads\/2018\/11\/Extrato_contrato_014_2018.pdf\">Extrato do Contrato Administrativo n\u00ba 014\/2018<\/a><a href=\"https:\/\/juvenilia.mg.gov.br\/portal\/wp-content\/uploads\/2018\/11\/Extrato_contrato_014_2018.pdf\" class=\"wp-block-file__button wp-element-button\" download aria-describedby=\"wp-block-file--media-24525dc8-0b2f-4dc4-8b47-727d868aaf71\">Download<\/a><\/div>\n","protected":false},"excerpt":{"rendered":"<p>S\u00cdNTESE DO OBJETO: Contrata\u00e7\u00e3o de empresa especializada em mec\u00e2nica de ve\u00edculos pesados, para realizar os servi\u00e7os de retifica do motor MWM acoplado no veiculo tipo caminh\u00e3o,&nbsp; marca Volkswagen, placa GMG 0808, doado pela FUCAM ao Munic\u00edpio de Juven\u00edlia, contrata\u00e7\u00e3o esta atrav\u00e9s dispensa de licita\u00e7\u00e3o, com fulcro no art. 24, inciso II da Lei Federal n\u00ba [&hellip;]<\/p>\n","protected":false},"author":2,"featured_media":0,"comment_status":"closed","ping_status":"closed","sticky":false,"template":"","format":"standard","meta":{"footnotes":""},"categories":[10,6],"tags":[],"class_list":["post-27614","post","type-post","status-publish","format-standard","hentry","category-dispensa-de-licitacao","category-licitacao_2017_2020"],"amp_enabled":true,"mfb_rest_fields":["gutenberg_elementor_mode","amp_enabled"],"_links":{"self":[{"href":"https:\/\/juvenilia.mg.gov.br\/portal\/wp-json\/wp\/v2\/posts\/27614","targetHints":{"allow":["GET"]}}],"collection":[{"href":"https:\/\/juvenilia.mg.gov.br\/portal\/wp-json\/wp\/v2\/posts"}],"about":[{"href":"https:\/\/juvenilia.mg.gov.br\/portal\/wp-json\/wp\/v2\/types\/post"}],"author":[{"embeddable":true,"href":"https:\/\/juvenilia.mg.gov.br\/portal\/wp-json\/wp\/v2\/users\/2"}],"replies":[{"embeddable":true,"href":"https:\/\/juvenilia.mg.gov.br\/portal\/wp-json\/wp\/v2\/comments?post=27614"}],"version-history":[{"count":1,"href":"https:\/\/juvenilia.mg.gov.br\/portal\/wp-json\/wp\/v2\/posts\/27614\/revisions"}],"predecessor-version":[{"id":34554,"href":"https:\/\/juvenilia.mg.gov.br\/portal\/wp-json\/wp\/v2\/posts\/27614\/revisions\/34554"}],"wp:attachment":[{"href":"https:\/\/juvenilia.mg.gov.br\/portal\/wp-json\/wp\/v2\/media?parent=27614"}],"wp:term":[{"taxonomy":"category","embeddable":true,"href":"https:\/\/juvenilia.mg.gov.br\/portal\/wp-json\/wp\/v2\/categories?post=27614"},{"taxonomy":"post_tag","embeddable":true,"href":"https:\/\/juvenilia.mg.gov.br\/portal\/wp-json\/wp\/v2\/tags?post=27614"}],"curies":[{"name":"wp","href":"https:\/\/api.w.org\/{rel}","templated":true}]}}