{"id":27526,"date":"2018-03-13T10:00:17","date_gmt":"2018-03-13T13:00:17","guid":{"rendered":"http:\/\/juvenilia.mg.gov.br\/portal\/?p=27526"},"modified":"2023-01-28T17:33:12","modified_gmt":"2023-01-28T20:33:12","slug":"processo-licitatorio-017-2018-dispensa-de-licitacao-005-2018","status":"publish","type":"post","link":"https:\/\/juvenilia.mg.gov.br\/portal\/processo-licitatorio-017-2018-dispensa-de-licitacao-005-2018\/","title":{"rendered":"Processo Licitat\u00f3rio 017\/2018 \u2013 Dispensa de Licita\u00e7\u00e3o 005\/2018"},"content":{"rendered":"<p style=\"text-align: justify;\"><strong>S\u00cdNTESE DO OBJETO:<\/strong> \u201caquisi\u00e7\u00e3o de artefatos de uso em show pirot\u00e9cnico incluso m\u00e3o de obra de profissionais t\u00e9cnicos detentor de blaster, para montagem e realiza\u00e7\u00e3o de show pirot\u00e9cnico durante o ato de inaugura\u00e7\u00e3o da pra\u00e7a publica constru\u00edda na sedo do Munic\u00edpio, atrav\u00e9s de recursos pr\u00f3prios, contrata\u00e7\u00e3o esta atrav\u00e9s dispensa de licita\u00e7\u00e3o com fulcro no art. 24, inciso II da Lei Federal n\u00ba 8.666\/93, conforme detalhado no termo de refer\u00eancia, em atendimento \u00e0 solicita\u00e7\u00e3o da Secretaria Geral de Administra\u00e7\u00e3o\u201d.<\/p>\n<h5 style=\"text-align: justify;\">PUBLICA\u00c7\u00c3O: RESULTADO DO PROCESSO LICITAT\u00d3RIO<\/h5>\n<p style=\"text-align: justify;\">PROCESSO LICITAT\u00d3RIO N\u00b0: 017\/2018<br \/>\nDISPENSA DE LICITA\u00c7\u00c3O N\u00b0: 005\/2018<\/p>\n<p style=\"text-align: justify;\"><strong>S\u00cdNTESE DO OBJETO:<\/strong> \u201caquisi\u00e7\u00e3o de artefatos de uso em show pirot\u00e9cnico incluso m\u00e3o de obra de profissionais t\u00e9cnicos detentor de blaster, para montagem e realiza\u00e7\u00e3o de show pirot\u00e9cnico durante o ato de inaugura\u00e7\u00e3o da pra\u00e7a publica constru\u00edda na sedo do Munic\u00edpio, atrav\u00e9s de recursos pr\u00f3prios, contrata\u00e7\u00e3o esta atrav\u00e9s dispensa de licita\u00e7\u00e3o com fulcro no art. 24, inciso II da Lei Federal n\u00ba 8.666\/93, conforme detalhado no termo de refer\u00eancia, em atendimento \u00e0 solicita\u00e7\u00e3o da Secretaria Geral de Administra\u00e7\u00e3o\u201d.<\/p>\n<p style=\"text-align: justify;\">A Prefeitura Municipal de Juven\u00edlia &#8211; MG, atrav\u00e9s de sua Comiss\u00e3o Permanente de Licita\u00e7\u00e3o, torna p\u00fablico o resultado do Processo Licitat\u00f3rio n\u00ba 017\/2018, Dispensa de Licita\u00e7\u00e3o n\u00ba 005\/2018, na forma que segue:<\/p>\n<p style=\"text-align: justify;\"><strong>CONTRATANTE:<\/strong> MUNIC\u00cdPIO DE JUVEN\u00cdLIA \u2013 MG<\/p>\n<p style=\"text-align: justify;\"><strong>CONTRATADA:<\/strong> ANTONIO CARLOS TEIXEIRA DE CARINHANHA-ME, CNPJ n\u00ba 15.012.241\/0001-28<\/p>\n<p style=\"text-align: justify;\"><strong>FUNDAMENTA\u00c7\u00c3O LEGAL:<\/strong> Inciso II do art. 24 da Lei 8.666\/93<\/p>\n<p style=\"text-align: justify;\"><strong>VALOR GLOBAL:<\/strong> R$ 7.900,00 (sete mil e novecentos reais), por conta do fornecimento dos fogos para realiza\u00e7\u00e3o de show pirot\u00e9cnico conforme detalhado acima.<\/p>\n<p style=\"text-align: justify;\"><strong>DOTA\u00c7\u00c3O OR\u00c7AMENTARIA:<\/strong> 02.02.01.04.122.0002.2009 \u2013 Manuten\u00e7\u00e3o das Ativ. Administrativas \u2013 Sec. Geral de Administra\u00e7\u00e3o \u2013 3.3.90.30.00 \u2013 Ficha 75 \u2013 Fonte 100<\/p>\n<p style=\"text-align: center;\">Prefeitura Municipal de Juven\u00edlia, 13 de mar\u00e7o de 2018<\/p>\n<p style=\"text-align: center;\">S\u00f3stenes Nogueira de Oliveira<br \/>\nPresidente da Comiss\u00e3o Permanente de Licita\u00e7\u00e3o<br \/>\nPortaria n\u00ba 140, de 02.01.2018<\/p>\n<h5>PUBLICA\u00c7\u00c3O: EXTRATO DO CONTRATO ADMINISTRATIVO N\u00ba 010\/2018<\/h5>\n<p style=\"text-align: justify;\">O <strong>MUNIC\u00cdPIO DE JUVEN\u00cdLIA(MG)<\/strong>, torna p\u00fablico o extrato do contrato administrativo celebrado em face do desfecho da Dispensa de Licita\u00e7\u00e3o n\u00b0005\/2018 \u2013 Processo Licitat\u00f3rio n\u00b0 017\/2018, na forma que segue:<\/p>\n<p style=\"text-align: justify;\">S\u00cdNTESE DO OBJETO: \u201caquisi\u00e7\u00e3o de artefatos de uso em show pirot\u00e9cnico incluso m\u00e3o de obra de profissionais t\u00e9cnicos detentor de blaster, para montagem e realiza\u00e7\u00e3o de show pirot\u00e9cnico durante o ato de inaugura\u00e7\u00e3o da pra\u00e7a publica constru\u00edda na sedo do Munic\u00edpio, atrav\u00e9s de recursos pr\u00f3prios, contrata\u00e7\u00e3o esta atrav\u00e9s dispensa de licita\u00e7\u00e3o com fulcro no art. 24, inciso II da Lei Federal n\u00ba 8.666\/93, conforme detalhado no termo de refer\u00eancia, em atendimento \u00e0 solicita\u00e7\u00e3o da Secretaria Geral de Administra\u00e7\u00e3o\u201d.<\/p>\n<p style=\"text-align: justify;\"><strong>CONTRATANTE:<\/strong> MUNIC\u00cdPIO DE JUVEN\u00cdLIA \u2013 MG<\/p>\n<p style=\"text-align: justify;\"><strong>CONTRATADA:<\/strong> ANTONIO CARLOS TEIXEIRA DE CARINHANHA-ME &#8211; CNPJ n\u00b015.012.241\/0001-28<\/p>\n<p style=\"text-align: justify;\"><strong>FUNDAMENTA\u00c7\u00c3O LEGAL:<\/strong> Inciso II do art. 24 da Lei 8.666\/93.<\/p>\n<p style=\"text-align: justify;\"><strong>VALOR GLOBAL ESTIMADO:<\/strong> R$ 7.900,00 (Sete Mil e Novecentos Reais)<\/p>\n<p style=\"text-align: justify;\"><strong>DOTA\u00c7\u00c3O OR\u00c7AMENT\u00c1RIA:<\/strong> 02.02.01.04.122.0002.2009 \u2013 Manuten\u00e7\u00e3o das Ativ. Administrativas \u2013 Sec. Geral de Administra\u00e7\u00e3o \u2013 3.3.90.30.00 \u2013 Ficha 75 \u2013 Fonte 100<\/p>\n<p style=\"text-align: justify;\"><strong>VIG\u00caNCIA DO CONTRATO ADMINISTRATIVO:<\/strong> 14.03.2018 a 14.04.2018<\/p>\n<p style=\"text-align: center;\">Prefeitura Municipal de Juven\u00edlia, 14 de mar\u00e7o de 2018<\/p>\n<p style=\"text-align: center;\">S\u00f3stenes Nogueira de Oliveira<br \/>\nPresidente da Comiss\u00e3o Permanente de Licita\u00e7\u00e3o<br \/>\nPortaria n\u00ba 140, de 02.01.2018<\/p>\n","protected":false},"excerpt":{"rendered":"<p>S\u00cdNTESE DO OBJETO: \u201caquisi\u00e7\u00e3o de artefatos de uso em show pirot\u00e9cnico incluso m\u00e3o de obra de profissionais t\u00e9cnicos detentor de blaster, para montagem e realiza\u00e7\u00e3o de show pirot\u00e9cnico durante o ato de inaugura\u00e7\u00e3o da pra\u00e7a publica constru\u00edda na sedo do Munic\u00edpio, atrav\u00e9s de recursos pr\u00f3prios, contrata\u00e7\u00e3o esta atrav\u00e9s dispensa de licita\u00e7\u00e3o com fulcro no art. [&hellip;]<\/p>\n","protected":false},"author":2,"featured_media":0,"comment_status":"closed","ping_status":"closed","sticky":false,"template":"","format":"standard","meta":{"footnotes":""},"categories":[10,6],"tags":[],"class_list":["post-27526","post","type-post","status-publish","format-standard","hentry","category-dispensa-de-licitacao","category-licitacao_2017_2020"],"amp_enabled":true,"mfb_rest_fields":["gutenberg_elementor_mode","amp_enabled"],"_links":{"self":[{"href":"https:\/\/juvenilia.mg.gov.br\/portal\/wp-json\/wp\/v2\/posts\/27526","targetHints":{"allow":["GET"]}}],"collection":[{"href":"https:\/\/juvenilia.mg.gov.br\/portal\/wp-json\/wp\/v2\/posts"}],"about":[{"href":"https:\/\/juvenilia.mg.gov.br\/portal\/wp-json\/wp\/v2\/types\/post"}],"author":[{"embeddable":true,"href":"https:\/\/juvenilia.mg.gov.br\/portal\/wp-json\/wp\/v2\/users\/2"}],"replies":[{"embeddable":true,"href":"https:\/\/juvenilia.mg.gov.br\/portal\/wp-json\/wp\/v2\/comments?post=27526"}],"version-history":[{"count":1,"href":"https:\/\/juvenilia.mg.gov.br\/portal\/wp-json\/wp\/v2\/posts\/27526\/revisions"}],"predecessor-version":[{"id":34570,"href":"https:\/\/juvenilia.mg.gov.br\/portal\/wp-json\/wp\/v2\/posts\/27526\/revisions\/34570"}],"wp:attachment":[{"href":"https:\/\/juvenilia.mg.gov.br\/portal\/wp-json\/wp\/v2\/media?parent=27526"}],"wp:term":[{"taxonomy":"category","embeddable":true,"href":"https:\/\/juvenilia.mg.gov.br\/portal\/wp-json\/wp\/v2\/categories?post=27526"},{"taxonomy":"post_tag","embeddable":true,"href":"https:\/\/juvenilia.mg.gov.br\/portal\/wp-json\/wp\/v2\/tags?post=27526"}],"curies":[{"name":"wp","href":"https:\/\/api.w.org\/{rel}","templated":true}]}}