{"id":27487,"date":"2018-04-12T11:26:53","date_gmt":"2018-04-12T14:26:53","guid":{"rendered":"http:\/\/juvenilia.mg.gov.br\/portal\/?p=27487"},"modified":"2023-01-28T17:30:49","modified_gmt":"2023-01-28T20:30:49","slug":"processo-licitatorio-021-2018-inexigibilidade-de-licitacao-003-2018","status":"publish","type":"post","link":"https:\/\/juvenilia.mg.gov.br\/portal\/processo-licitatorio-021-2018-inexigibilidade-de-licitacao-003-2018\/","title":{"rendered":"Processo Licitat\u00f3rio 021\/2018 \u2013 Inexigibilidade de Licita\u00e7\u00e3o 003\/2018"},"content":{"rendered":"<p style=\"text-align: justify;\"><strong>S\u00cdNTESE DO OBJETO:<\/strong>Contrata\u00e7\u00e3o de servi\u00e7o de terceiros, pessoa jur\u00eddica, propriet\u00e1rios de balsas, devidamente homologada pela Marinha, para prestar servi\u00e7os na realizar a transposi\u00e7\u00e3o do Rio S\u00e3o Francisco, porto de Manga, de do Munic\u00edpio de ve\u00edculos do Munic\u00edpio de Juven\u00edlia, no deslocamento at\u00e9 a cidade polo de Montes Claros e ou Belo Horizonte, para tratar de assuntos de interesse da municipalidade, contrata\u00e7\u00e3o esta atrav\u00e9s de inexigibilidade de licita\u00e7\u00e3o, com fulcro no caput do art. 25 da Lei Federal n\u00b0 8.666\/93, conforme detalhado no termo de referencia, em atendimento \u00e0 solicita\u00e7\u00e3o da Secretaria Municipal de Transporte.<\/p>\n<h6 style=\"text-align: justify;\">PUBLICA\u00c7\u00c3O: RESULTADO DO PROCESSO LICITAT\u00d3RIO PROCESSO LICITAT\u00d3RIO N\u00ba 021\/2018 \u2013 INEXIGIBILIDADE DE LICITA\u00c7\u00c3O N\u00ba 003\/2018<\/h6>\n<p style=\"text-align: justify;\"><strong>S\u00cdNTESE DO OBJETO:<\/strong> \u201cContrata\u00e7\u00e3o de servi\u00e7o de terceiros, pessoa jur\u00eddica, propriet\u00e1rios de balsas, devidamente homologada pela Marinha, para prestar servi\u00e7os na realizar a transposi\u00e7\u00e3o de ve\u00edculos do Munic\u00edpio de Juven\u00edlia, sobre o Rio S\u00e3o Francisco, Porto de Manga, no deslocamento at\u00e9 a cidade polo de Montes Claros e ou Belo Horizonte, para tratar de assuntos de interesse da municipalidade, contrata\u00e7\u00e3o esta atrav\u00e9s de inexigibilidade de licita\u00e7\u00e3o, com fulcro no caput do art. 25 da Lei Federal n\u00b0 8.666\/93, conforme detalhado no termo de referencia, em atendimento \u00e0 solicita\u00e7\u00e3o da Secretaria Municipal de Transporte\u201d.<\/p>\n<p style=\"text-align: justify;\">A Prefeitura Municipal de Juven\u00edlia &#8211; MG, atrav\u00e9s de sua Comiss\u00e3o Permanente de Licita\u00e7\u00e3o, torna p\u00fablico o resultado do Processo Licitat\u00f3rio n\u00ba 021\/2018, Inexigibilidade de Licita\u00e7\u00e3o n\u00ba 003\/2018, na forma que segue:<\/p>\n<p style=\"text-align: justify;\"><strong>CONTRATANTE:<\/strong> MUNIC\u00cdPIO DE JUVEN\u00cdLIA \u2013 MG<\/p>\n<p style=\"text-align: justify;\"><strong>CONTRATADA:<\/strong> NAVEGA\u00c7\u00c3O CONFIAN\u00c7A LTDA &#8211; INSCRITA NO CNPJ SOB O N\u00ba 14.697.486\/0003-73<\/p>\n<p style=\"text-align: justify;\"><strong>FUNDAMENTA\u00c7\u00c3O LEGAL:<\/strong> Caput do art. 25 da Lei Federal n\u00ba 8.666\/93.<\/p>\n<p style=\"text-align: justify;\"><strong>VALOR UNIT\u00c1RIO:<\/strong> (1. Ve\u00edculo Motocicletas, motonetas e bicicletas a motor, valor de R$ 3,95 (Tr\u00eas reais e noventa e cinco centavos) \/\/ (2. Ve\u00edculo leve, valor de R$15,70 (Quinze reais e setenta centavos) \/\/ 3. Ve\u00edculo m\u00e9dio, valor de R$ 47,10 (Quarenta e sete reais e dez centavos) \/\/ 4. Ve\u00edculo pesado, valor R$ 62,80 (Sessenta e dois reis e oitenta centavos).<\/p>\n<p style=\"text-align: justify;\"><strong>VALOR DA GLOBAL ESTIMADO:<\/strong> R$ 130.704,00 (Cento e Trinta mil, Setecentos e Quatro Reais)<\/p>\n<p style=\"text-align: justify;\"><strong>DOTA\u00c7\u00c3O OR\u00c7AMENTARIA:<\/strong> 02.07.01.10.302.0013.2067 &#8211; Manuten\u00e7\u00e3o das Atividades do TFD \u2013 3.3.90.39.00 \u2013 Ficha 438 \u2013 Fonte 102 \/\/ 02.05.01.08.122.0002.2042 &#8211; Manuten\u00e7\u00e3o das Ativ. Administrativas \u2013 Sec. De Assist\u00eancia Social \u2013 3.3.90.39.00 \u2013 Ficha 274 \u2013 Fonte 100 \/\/ 02.04.01.12.122.0002.2020 &#8211; Manuten\u00e7\u00e3o das Ativ. Administrativas \u2013 Sec. De Educa\u00e7\u00e3o \u2013 3.3.90.39.00 \u2013 Ficha 133 \u2013 Fonte 101 \/\/ 02.02.01.04.122.0002.2009 &#8211; Manuten\u00e7\u00e3o das Ativ. Administrativas \u2013 Sec. Geral de administra\u00e7\u00e3o \u2013 Ficha \u2013 79 Fonte 100 \/\/ 02.09.01.26.122.0002.2088 &#8211; Manuten\u00e7\u00e3o das Ativ. Administrativas \u2013 Sec. De Transportes \u2013 Ficha 618 \u2013 Fonte 100<\/p>\n<p style=\"text-align: justify;\">Resultado publicado para conhecimento p\u00fablico na presente data<\/p>\n<p style=\"text-align: center;\">Prefeitura Municipal de Juven\u00edlia, 12 de abril de 2018<\/p>\n<p style=\"text-align: center;\">S\u00f3stenes Nogueira de Oliveira<br \/>\nPresidente Comiss\u00e3o de Licita\u00e7\u00f5es<br \/>\nPortaria n\u00ba 140, de 02.01.2018<\/p>\n<h6>PUBLICA\u00c7\u00c3O: EXTRATO DO CONTRATO ADMINISTRATIVO PARA A PRESTA\u00c7\u00c3O DE SERVI\u00c7OS DE BALSA NA TRANSPOSI\u00c7\u00c3O DE VE\u00cdCULOS SOBRE O RIO S\u00c3O FRANCISCO \u2013 PORTO DE MANGA N\u00ba 012\/2018<\/h6>\n<p style=\"text-align: justify;\">O MUNIC\u00cdPIO DE JUVEN\u00cdLIA(MG), torna p\u00fablico o extrato do contrato administrativo celebrado em face do desfecho da Inexigibilidade de Licita\u00e7\u00e3o n\u00ba 003\/2018 \u2013 Processo Licitat\u00f3rio n\u00ba 021\/2018, na forma que segue:<\/p>\n<p style=\"text-align: justify;\">S\u00cdNTESE DO OBJETO: \u201cContrata\u00e7\u00e3o de servi\u00e7o de terceiros, pessoa jur\u00eddica, propriet\u00e1rios de balsas, devidamente homologada pela Marinha, para prestar servi\u00e7os na realizar a transposi\u00e7\u00e3o de ve\u00edculos do Munic\u00edpio de Juven\u00edlia, sobre o Rio S\u00e3o Francisco, Porto de Manga, no deslocamento at\u00e9 a cidade polo de Montes Claros e ou Belo Horizonte, para tratar de assuntos de interesse da municipalidade, contrata\u00e7\u00e3o esta atrav\u00e9s de inexigibilidade de licita\u00e7\u00e3o, com fulcro no caput do art. 25 da Lei Federal n\u00b0 8.666\/93, conforme detalhado no termo de referencia, em atendimento \u00e0 solicita\u00e7\u00e3o da Secretaria Municipal de Transporte\u201d.<\/p>\n<p style=\"text-align: justify;\"><strong>CONTRATADA:<\/strong> NAVEGA\u00c7\u00c3O CONFIAN\u00c7A LTDA &#8211; INSCRITA NO CNPJ SOB O N\u00ba 14.697.486\/0003-73<\/p>\n<p style=\"text-align: justify;\"><strong>FUNDAMENTA\u00c7\u00c3O LEGAL:<\/strong> Caput do art. 25 da Lei Federal n\u00ba 8.666\/93.<\/p>\n<p style=\"text-align: justify;\"><strong>VALOR DA GLOBAL ESTIMADO:<\/strong> R$ 130.704,00 (Cento e Trinta mil, Setecentos e Quatro Reais).<\/p>\n<p style=\"text-align: justify;\"><strong>DOTA\u00c7\u00c3O OR\u00c7AMENTARIA:<\/strong> 02.07.01.10.302.0013.2067 &#8211; Manuten\u00e7\u00e3o das Atividades do TFD \u2013 3.3.90.39.00 \u2013 Ficha 438 \u2013 Fonte 102 \/\/ 02.05.01.08.122.0002.2042 &#8211; Manuten\u00e7\u00e3o das Ativ. Administrativas \u2013 Sec. De Assist\u00eancia Social \u2013 3.3.90.39.00 \u2013 Ficha 274 \u2013 Fonte 100 \/\/ 02.04.01.12.122.0002.2020 -Manuten\u00e7\u00e3o das Ativ. Administrativas \u2013 Sec. De Educa\u00e7\u00e3o \u2013 3.3.90.39.00 \u2013 Ficha 133 \u2013 Fonte 101 \/\/ 02.02.01.04.122.0002.2009 &#8211; Manuten\u00e7\u00e3o das Ativ. Administrativas \u2013 Sec. Geral de administra\u00e7\u00e3o \u2013 Ficha \u2013 79 Fonte 100 \/\/ 02.09.01.26.122.0002.2088 &#8211; Manuten\u00e7\u00e3o das Ativ. Administrativas \u2013 Sec. De Transportes \u2013 Ficha 618 \u2013 Fonte 100<\/p>\n<p style=\"text-align: justify;\"><strong>VIG\u00caNCIA DO CONTRATO ADMINISTRATIVO:<\/strong> 13\/04\/2018 a 13\/04\/2019<\/p>\n<p style=\"text-align: center;\">Prefeitura Municipal de Juven\u00edlia, 13 de abril de 2018<\/p>\n<p style=\"text-align: center;\">S\u00f3stenes Nogueira de Oliveira<br \/>\nPresidente Comiss\u00e3o de Licita\u00e7\u00f5es<br \/>\nPortaria n\u00ba 140, de 02.01.2018<\/p>\n","protected":false},"excerpt":{"rendered":"<p>S\u00cdNTESE DO OBJETO:Contrata\u00e7\u00e3o de servi\u00e7o de terceiros, pessoa jur\u00eddica, propriet\u00e1rios de balsas, devidamente homologada pela Marinha, para prestar servi\u00e7os na realizar a transposi\u00e7\u00e3o do Rio S\u00e3o Francisco, porto de Manga, de do Munic\u00edpio de ve\u00edculos do Munic\u00edpio de Juven\u00edlia, no deslocamento at\u00e9 a cidade polo de Montes Claros e ou Belo Horizonte, para tratar de [&hellip;]<\/p>\n","protected":false},"author":2,"featured_media":0,"comment_status":"closed","ping_status":"closed","sticky":false,"template":"","format":"standard","meta":{"footnotes":""},"categories":[7,6],"tags":[],"class_list":["post-27487","post","type-post","status-publish","format-standard","hentry","category-inexigibilidade","category-licitacao_2017_2020"],"amp_enabled":true,"mfb_rest_fields":["gutenberg_elementor_mode","amp_enabled"],"_links":{"self":[{"href":"https:\/\/juvenilia.mg.gov.br\/portal\/wp-json\/wp\/v2\/posts\/27487","targetHints":{"allow":["GET"]}}],"collection":[{"href":"https:\/\/juvenilia.mg.gov.br\/portal\/wp-json\/wp\/v2\/posts"}],"about":[{"href":"https:\/\/juvenilia.mg.gov.br\/portal\/wp-json\/wp\/v2\/types\/post"}],"author":[{"embeddable":true,"href":"https:\/\/juvenilia.mg.gov.br\/portal\/wp-json\/wp\/v2\/users\/2"}],"replies":[{"embeddable":true,"href":"https:\/\/juvenilia.mg.gov.br\/portal\/wp-json\/wp\/v2\/comments?post=27487"}],"version-history":[{"count":1,"href":"https:\/\/juvenilia.mg.gov.br\/portal\/wp-json\/wp\/v2\/posts\/27487\/revisions"}],"predecessor-version":[{"id":34562,"href":"https:\/\/juvenilia.mg.gov.br\/portal\/wp-json\/wp\/v2\/posts\/27487\/revisions\/34562"}],"wp:attachment":[{"href":"https:\/\/juvenilia.mg.gov.br\/portal\/wp-json\/wp\/v2\/media?parent=27487"}],"wp:term":[{"taxonomy":"category","embeddable":true,"href":"https:\/\/juvenilia.mg.gov.br\/portal\/wp-json\/wp\/v2\/categories?post=27487"},{"taxonomy":"post_tag","embeddable":true,"href":"https:\/\/juvenilia.mg.gov.br\/portal\/wp-json\/wp\/v2\/tags?post=27487"}],"curies":[{"name":"wp","href":"https:\/\/api.w.org\/{rel}","templated":true}]}}