{"id":27358,"date":"2018-08-28T08:03:09","date_gmt":"2018-08-28T11:03:09","guid":{"rendered":"http:\/\/juvenilia.mg.gov.br\/portal\/?p=27358"},"modified":"2023-01-28T17:20:14","modified_gmt":"2023-01-28T20:20:14","slug":"processo-licitatorio-042-2018-pregao-presencial-022-2018","status":"publish","type":"post","link":"https:\/\/juvenilia.mg.gov.br\/portal\/processo-licitatorio-042-2018-pregao-presencial-022-2018\/","title":{"rendered":"Processo Licitat\u00f3rio 042\/2018 \u2013 Preg\u00e3o Presencial 022\/2018"},"content":{"rendered":"<p><strong>S\u00cdNTESE DO OBJETO:<\/strong> Sele\u00e7\u00e3o da proposta mais vantajosa objetivando a futura \u201ccontrata\u00e7\u00e3o de pessoa jur\u00eddica para presta\u00e7\u00e3o de servi\u00e7os de loca\u00e7\u00e3o de estruturas (palco, som, ilumina\u00e7\u00e3o e outras estruturas, objeto do Conv\u00eanio SIGCON n\u00ba 000957\/2018, celebrado com o Instituto de Desenvolvimento do Norte e Nordeste de Minas Gerais-IDENE, valor do repasse financeiro R$ 80.000,00 e contra partida do Munic\u00edpio no valor de R$ 2.113,49, limitado o valor global R$ 82.113,49, conforme detalhado no plano de trabalho, por conta do custeio das despesas decorrentes com a realiza\u00e7\u00e3o da 2\u00aa Feira Cultural do Munic\u00edpio de Juven\u00edlia, que ser\u00e1 realizada nos dias (14 e 15) do m\u00eas de setembro do corrente ano, conforme detalhado no termo de refer\u00eancia, em atendimento \u00e0 solicita\u00e7\u00e3o da Secretaria Municipal de Agricultura \u201d.<\/p>\n<h4>ABERTURA<\/h4>\n<p><strong>Data:<\/strong> 10\/09\/2018 <strong>Hor\u00e1rio:<\/strong> 08:00<\/p>\n<p><\/p>\n<h4>DOWNLOADS<\/h4>\n<h5>EDITAL<\/h5>\n<table>\n<tbody>\n<tr>\n<td><a href=\"https:\/\/juvenilia.mg.gov.br\/portal\/wp-content\/uploads\/2017\/02\/52ff0e80b07d28b590bbc4b30befde52-e1494832746317.png\"><img decoding=\"async\" class=\"alignnone wp-image-25641\" src=\"https:\/\/juvenilia.mg.gov.br\/portal\/wp-content\/uploads\/2017\/02\/52ff0e80b07d28b590bbc4b30befde52-297x300.png\" alt=\"\" width=\"65\" height=\"66\" title=\"\"><\/a><\/td>\n<td><a  data-e-Disable-Page-Transition=\"true\" class=\"download-link\" title=\"\" href=\"https:\/\/juvenilia.mg.gov.br\/portal\/download\/27354\/?tmstv=1777108533\" rel=\"nofollow\" id=\"download-link-27354\" >\n\tEdital - Preg\u00e3o Presencial n\u00ba 022-2018 - Loca\u00e7\u00e3o de estruturas para realiza\u00e7\u00e3o de shows art\u00edsticos musicais 2\u00aa Feira\t(903 downloads\t)\n<\/a>\n<\/td>\n<\/tr>\n<\/tbody>\n<\/table>\n\n\n<h5 class=\"wp-block-heading\">Publica\u00e7\u00e3o: Resultado Processo Licitat\u00f3rio 042\/2018<br><\/h5>\n\n\n\n<figure class=\"wp-block-embed is-type-rich is-provider-incorporar-manipulador\"><div class=\"wp-block-embed__wrapper\">\nhttps:\/\/juvenilia.mg.gov.br\/portal\/wp-content\/uploads\/2018\/11\/Resultado_Processo_042_2018.pdf\n<\/div><\/figure>\n\n\n\n<h5 class=\"wp-block-heading\">Publica\u00e7\u00e3o: Extrato Contrato Administrativo n\u00ba 025\/2018<br><\/h5>\n\n\n\n<figure class=\"wp-block-embed is-type-rich is-provider-incorporar-manipulador\"><div class=\"wp-block-embed__wrapper\">\nhttps:\/\/juvenilia.mg.gov.br\/portal\/wp-content\/uploads\/2018\/11\/Extrato_Contrato_025_2018_Processo_042_2018.pdf\n<\/div><\/figure>\n\n\n\n<h5 class=\"wp-block-heading\">Publica\u00e7\u00e3o: Extrato Contrato Administrativo n\u00ba 026\/2018<br><\/h5>\n\n\n\n<figure class=\"wp-block-embed is-type-rich is-provider-incorporar-manipulador\"><div class=\"wp-block-embed__wrapper\">\nhttps:\/\/juvenilia.mg.gov.br\/portal\/wp-content\/uploads\/2018\/11\/Extrato_Contrato_026_2018_Processo_042_2018.pdf\n<\/div><\/figure>\n","protected":false},"excerpt":{"rendered":"<p>S\u00cdNTESE DO OBJETO: Sele\u00e7\u00e3o da proposta mais vantajosa objetivando a futura \u201ccontrata\u00e7\u00e3o de pessoa jur\u00eddica para presta\u00e7\u00e3o de servi\u00e7os de loca\u00e7\u00e3o de estruturas (palco, som, ilumina\u00e7\u00e3o e outras estruturas, objeto do Conv\u00eanio SIGCON n\u00ba 000957\/2018, celebrado com o Instituto de Desenvolvimento do Norte e Nordeste de Minas Gerais-IDENE, valor do repasse financeiro R$ 80.000,00 e [&hellip;]<\/p>\n","protected":false},"author":2,"featured_media":0,"comment_status":"closed","ping_status":"closed","sticky":false,"template":"","format":"standard","meta":{"footnotes":""},"categories":[6,9],"tags":[],"class_list":["post-27358","post","type-post","status-publish","format-standard","hentry","category-licitacao_2017_2020","category-pregaopresencial"],"amp_enabled":true,"mfb_rest_fields":["gutenberg_elementor_mode","amp_enabled"],"_links":{"self":[{"href":"https:\/\/juvenilia.mg.gov.br\/portal\/wp-json\/wp\/v2\/posts\/27358","targetHints":{"allow":["GET"]}}],"collection":[{"href":"https:\/\/juvenilia.mg.gov.br\/portal\/wp-json\/wp\/v2\/posts"}],"about":[{"href":"https:\/\/juvenilia.mg.gov.br\/portal\/wp-json\/wp\/v2\/types\/post"}],"author":[{"embeddable":true,"href":"https:\/\/juvenilia.mg.gov.br\/portal\/wp-json\/wp\/v2\/users\/2"}],"replies":[{"embeddable":true,"href":"https:\/\/juvenilia.mg.gov.br\/portal\/wp-json\/wp\/v2\/comments?post=27358"}],"version-history":[{"count":1,"href":"https:\/\/juvenilia.mg.gov.br\/portal\/wp-json\/wp\/v2\/posts\/27358\/revisions"}],"predecessor-version":[{"id":34528,"href":"https:\/\/juvenilia.mg.gov.br\/portal\/wp-json\/wp\/v2\/posts\/27358\/revisions\/34528"}],"wp:attachment":[{"href":"https:\/\/juvenilia.mg.gov.br\/portal\/wp-json\/wp\/v2\/media?parent=27358"}],"wp:term":[{"taxonomy":"category","embeddable":true,"href":"https:\/\/juvenilia.mg.gov.br\/portal\/wp-json\/wp\/v2\/categories?post=27358"},{"taxonomy":"post_tag","embeddable":true,"href":"https:\/\/juvenilia.mg.gov.br\/portal\/wp-json\/wp\/v2\/tags?post=27358"}],"curies":[{"name":"wp","href":"https:\/\/api.w.org\/{rel}","templated":true}]}}