{"id":27318,"date":"2017-10-04T17:45:30","date_gmt":"2017-10-04T20:45:30","guid":{"rendered":"http:\/\/juvenilia.mg.gov.br\/portal\/?p=27318"},"modified":"2020-10-10T09:34:07","modified_gmt":"2020-10-10T12:34:07","slug":"processo-licitatorio-076-2017-inexigibilidade-de-licitacao-no-015-2017","status":"publish","type":"post","link":"https:\/\/juvenilia.mg.gov.br\/portal\/processo-licitatorio-076-2017-inexigibilidade-de-licitacao-no-015-2017\/","title":{"rendered":"Processo Licitat\u00f3rio 076\/2017 \u2013 Inexigibilidade de Licita\u00e7\u00e3o n\u00ba 015\/2017"},"content":{"rendered":"<p>A Prefeitura Municipal de Juven\u00edlia &#8211; MG, atrav\u00e9s de sua Comiss\u00e3o Permanente de Licita\u00e7\u00e3o, torna p\u00fablico o resultado do Processo Licitat\u00f3rio n\u00ba 076\/2017, Inexigibilidade de Licita\u00e7\u00e3o n\u00ba 015\/2017, na forma que segue:<\/p>\n<p><strong>S\u00cdNTESE DO OBJETO:<\/strong> \u201cContrata\u00e7\u00e3o de show art\u00edstico musical para apresenta\u00e7\u00e3o em pra\u00e7a p\u00fablica, objetivando abrilhantar o tradicional festejo alusivo ao dia da Padroeira do Distrito de Monte Rei, a ser comemorado no dia 12 de outubro do corrente ano, contrata\u00e7\u00e3o esta atrav\u00e9s de Inexigibilidade de Licita\u00e7\u00e3o, com fulcro no art. 25, inciso III da Lei Federal n\u00ba 8.666\/93, atrav\u00e9s recurso pr\u00f3prio do Munic\u00edpio, conforme detalhado no termo de refer\u00eancia em atendimento \u00e0 solicita\u00e7\u00e3o da Secretaria Geral de Administra\u00e7\u00e3o\u201d.<\/p>\n<h3 style=\"text-align: center;\">PUBLICA\u00c7\u00c3O EXTRATO CONTRATO N\u00ba 125\/2017<\/h3>\n<p><strong>CONTRATANTE:<\/strong> MUNIC\u00cdPIO DE JUVEN\u00cdLIA \u2013 MG<\/p>\n<p><strong>CONTRATADA:<\/strong> BARBARA CARDOSO LOPES 10445849630 \u2013 ME, CNPJ: 20.499.367\/0001-09 \u2013 Valor R$ 10.000,00 (Dez mil)<\/p>\n<p><strong>VALOR GLOBAL DA CONTRATA\u00c7\u00c3O:<\/strong> R$ 10.000,00 (dez mil reais)<\/p>\n<p><strong>DOTA\u00c7\u00c3O OR\u00c7AMENT\u00c1RIA:<\/strong> 02.04.05.13.392.0010.2060.3.3.90.39.00 \u2013 Outros Servi\u00e7os de Terceiros \u2013 Pessoa Jur\u00eddica \u2013 Ficha 0373 \u2013 Fonte: 100, 124<\/p>\n<p style=\"text-align: center;\">Prefeitura Municipal de Juven\u00edlia, 04 de outubro de 2017<\/p>\n","protected":false},"excerpt":{"rendered":"<p>A Prefeitura Municipal de Juven\u00edlia &#8211; MG, atrav\u00e9s de sua Comiss\u00e3o Permanente de Licita\u00e7\u00e3o, torna p\u00fablico o resultado do Processo Licitat\u00f3rio n\u00ba 076\/2017, Inexigibilidade de Licita\u00e7\u00e3o n\u00ba 015\/2017, na forma que segue: S\u00cdNTESE DO OBJETO: \u201cContrata\u00e7\u00e3o de show art\u00edstico musical para apresenta\u00e7\u00e3o em pra\u00e7a p\u00fablica, objetivando abrilhantar o tradicional festejo alusivo ao dia da Padroeira [&hellip;]<\/p>\n","protected":false},"author":2,"featured_media":0,"comment_status":"closed","ping_status":"closed","sticky":false,"template":"","format":"standard","meta":{"footnotes":""},"categories":[7,6],"tags":[],"class_list":["post-27318","post","type-post","status-publish","format-standard","hentry","category-inexigibilidade","category-licitacao_2017_2020"],"amp_enabled":true,"mfb_rest_fields":["gutenberg_elementor_mode","amp_enabled"],"_links":{"self":[{"href":"https:\/\/juvenilia.mg.gov.br\/portal\/wp-json\/wp\/v2\/posts\/27318","targetHints":{"allow":["GET"]}}],"collection":[{"href":"https:\/\/juvenilia.mg.gov.br\/portal\/wp-json\/wp\/v2\/posts"}],"about":[{"href":"https:\/\/juvenilia.mg.gov.br\/portal\/wp-json\/wp\/v2\/types\/post"}],"author":[{"embeddable":true,"href":"https:\/\/juvenilia.mg.gov.br\/portal\/wp-json\/wp\/v2\/users\/2"}],"replies":[{"embeddable":true,"href":"https:\/\/juvenilia.mg.gov.br\/portal\/wp-json\/wp\/v2\/comments?post=27318"}],"version-history":[{"count":0,"href":"https:\/\/juvenilia.mg.gov.br\/portal\/wp-json\/wp\/v2\/posts\/27318\/revisions"}],"wp:attachment":[{"href":"https:\/\/juvenilia.mg.gov.br\/portal\/wp-json\/wp\/v2\/media?parent=27318"}],"wp:term":[{"taxonomy":"category","embeddable":true,"href":"https:\/\/juvenilia.mg.gov.br\/portal\/wp-json\/wp\/v2\/categories?post=27318"},{"taxonomy":"post_tag","embeddable":true,"href":"https:\/\/juvenilia.mg.gov.br\/portal\/wp-json\/wp\/v2\/tags?post=27318"}],"curies":[{"name":"wp","href":"https:\/\/api.w.org\/{rel}","templated":true}]}}