{"id":27316,"date":"2017-09-15T11:03:06","date_gmt":"2017-09-15T14:03:06","guid":{"rendered":"http:\/\/juvenilia.mg.gov.br\/portal\/?p=27316"},"modified":"2020-10-10T09:34:31","modified_gmt":"2020-10-10T12:34:31","slug":"processo-licitatorio-075-2017-dispensa-de-licitacao-019-2017","status":"publish","type":"post","link":"https:\/\/juvenilia.mg.gov.br\/portal\/processo-licitatorio-075-2017-dispensa-de-licitacao-019-2017\/","title":{"rendered":"Processo Licitat\u00f3rio 075\/2017 \u2013 Dispensa de Licita\u00e7\u00e3o 019\/2017"},"content":{"rendered":"<p><strong>S\u00cdNTESE DO OBJETO:<\/strong> Loca\u00e7\u00e3o de novo im\u00f3vel para instala\u00e7\u00e3o de departamento (CRAS &#8211; Porto Agr\u00e1rio) que integra a administra\u00e7\u00e3o municipal, atrav\u00e9s procedimentos administrativos de dispensa de licita\u00e7\u00e3o com fulcro no art. 24, inciso X, da Lei Federal n\u00ba 8.666, de 21 de junho de 1993, com aplica\u00e7\u00e3o no que couber, dos ditames da Lei Federal n\u00ba 8.245, de 18 de outubro de 1991 detalhado no termo de refer\u00eancia, em atendimento \u00e0 solicita\u00e7\u00e3o da Secretaria Geral de Administra\u00e7\u00e3o\u201d.<\/p>\n<h3 style=\"text-align: center;\">CANCELADO<\/h3>\n","protected":false},"excerpt":{"rendered":"<p>S\u00cdNTESE DO OBJETO: Loca\u00e7\u00e3o de novo im\u00f3vel para instala\u00e7\u00e3o de departamento (CRAS &#8211; Porto Agr\u00e1rio) que integra a administra\u00e7\u00e3o municipal, atrav\u00e9s procedimentos administrativos de dispensa de licita\u00e7\u00e3o com fulcro no art. 24, inciso X, da Lei Federal n\u00ba 8.666, de 21 de junho de 1993, com aplica\u00e7\u00e3o no que couber, dos ditames da Lei Federal [&hellip;]<\/p>\n","protected":false},"author":2,"featured_media":0,"comment_status":"closed","ping_status":"closed","sticky":false,"template":"","format":"standard","meta":{"footnotes":""},"categories":[10,6],"tags":[],"class_list":["post-27316","post","type-post","status-publish","format-standard","hentry","category-dispensa-de-licitacao","category-licitacao_2017_2020"],"amp_enabled":true,"mfb_rest_fields":["gutenberg_elementor_mode","amp_enabled"],"_links":{"self":[{"href":"https:\/\/juvenilia.mg.gov.br\/portal\/wp-json\/wp\/v2\/posts\/27316","targetHints":{"allow":["GET"]}}],"collection":[{"href":"https:\/\/juvenilia.mg.gov.br\/portal\/wp-json\/wp\/v2\/posts"}],"about":[{"href":"https:\/\/juvenilia.mg.gov.br\/portal\/wp-json\/wp\/v2\/types\/post"}],"author":[{"embeddable":true,"href":"https:\/\/juvenilia.mg.gov.br\/portal\/wp-json\/wp\/v2\/users\/2"}],"replies":[{"embeddable":true,"href":"https:\/\/juvenilia.mg.gov.br\/portal\/wp-json\/wp\/v2\/comments?post=27316"}],"version-history":[{"count":0,"href":"https:\/\/juvenilia.mg.gov.br\/portal\/wp-json\/wp\/v2\/posts\/27316\/revisions"}],"wp:attachment":[{"href":"https:\/\/juvenilia.mg.gov.br\/portal\/wp-json\/wp\/v2\/media?parent=27316"}],"wp:term":[{"taxonomy":"category","embeddable":true,"href":"https:\/\/juvenilia.mg.gov.br\/portal\/wp-json\/wp\/v2\/categories?post=27316"},{"taxonomy":"post_tag","embeddable":true,"href":"https:\/\/juvenilia.mg.gov.br\/portal\/wp-json\/wp\/v2\/tags?post=27316"}],"curies":[{"name":"wp","href":"https:\/\/api.w.org\/{rel}","templated":true}]}}