{"id":27263,"date":"2018-01-16T14:30:24","date_gmt":"2018-01-16T17:30:24","guid":{"rendered":"http:\/\/juvenilia.mg.gov.br\/portal\/?p=27263"},"modified":"2023-01-28T17:41:29","modified_gmt":"2023-01-28T20:41:29","slug":"processo-licitatorio-007-2018-dispensa-de-licitacao-no-002-2018","status":"publish","type":"post","link":"https:\/\/juvenilia.mg.gov.br\/portal\/processo-licitatorio-007-2018-dispensa-de-licitacao-no-002-2018\/","title":{"rendered":"Processo Licitat\u00f3rio 007\/2018 \u2013 Dispensa de Licita\u00e7\u00e3o n\u00ba 002\/2018"},"content":{"rendered":"<p><strong>S\u00cdNTESE DO OBJETO:<\/strong> Loca\u00e7\u00e3o de im\u00f3vel para instala\u00e7\u00e3o de Posto de Atendimento M\u00e9dico no Povoado denominado Lajeado, atrav\u00e9s procedimentos administrativos de dispensa de licita\u00e7\u00e3o com fulcro no art. 24, inciso X, da Lei Federal n\u00ba 8.666, de 21 de junho de 1993, com aplica\u00e7\u00e3o no que couber, dos ditames da Lei Federal n\u00ba 8.245, de 18 de outubro de 1991, que regulamenta a loca\u00e7\u00e3o de im\u00f3veis urbanos, conforme detalhado no termo de refer\u00eancia, em atendimento \u00e0 solicita\u00e7\u00e3o da Secretaria Municipal de Sa\u00fade.<\/p>\n<h4>EXTRATO<\/h4>\n<p>A Prefeitura Municipal de Juven\u00edlia \u2013 MG, por interm\u00e9dio do Presidente da Comiss\u00e3o Permanente de Licita\u00e7\u00e3o Sr. S\u00f3stenes Nogueira de Oliveira, nomeado atrav\u00e9s da Portaria n\u00ba 140, de 02.01.2018, torna p\u00fablico o resultado do Processo Licitat\u00f3rio n\u00b0 007\/2018 \u2013 Dispensa de Licita\u00e7\u00e3o 002\/2018.<\/p>\n<table>\n<tbody>\n<tr>\n<td><a href=\"https:\/\/juvenilia.mg.gov.br\/portal\/wp-content\/uploads\/2018\/01\/pdf-e1530588006399.png\"><img decoding=\"async\" class=\"alignnone wp-image-27224\" src=\"https:\/\/juvenilia.mg.gov.br\/portal\/wp-content\/uploads\/2018\/01\/pdf-297x300.png\" alt=\"\" width=\"64\" height=\"65\" title=\"\"><\/a><\/td>\n<td><a  data-e-Disable-Page-Transition=\"true\" class=\"download-link\" title=\"\" href=\"https:\/\/juvenilia.mg.gov.br\/portal\/download\/27264\/?tmstv=1777307188\" rel=\"nofollow\" id=\"download-link-27264\" >\n\tRESULTADO E EXTRATO DP.02 PL.07.2018\t(861 downloads\t)\n<\/a>\n<\/td>\n<\/tr>\n<\/tbody>\n<\/table>\n","protected":false},"excerpt":{"rendered":"<p>S\u00cdNTESE DO OBJETO: Loca\u00e7\u00e3o de im\u00f3vel para instala\u00e7\u00e3o de Posto de Atendimento M\u00e9dico no Povoado denominado Lajeado, atrav\u00e9s procedimentos administrativos de dispensa de licita\u00e7\u00e3o com fulcro no art. 24, inciso X, da Lei Federal n\u00ba 8.666, de 21 de junho de 1993, com aplica\u00e7\u00e3o no que couber, dos ditames da Lei Federal n\u00ba 8.245, de [&hellip;]<\/p>\n","protected":false},"author":2,"featured_media":0,"comment_status":"closed","ping_status":"closed","sticky":false,"template":"","format":"standard","meta":{"footnotes":""},"categories":[10,6],"tags":[],"class_list":["post-27263","post","type-post","status-publish","format-standard","hentry","category-dispensa-de-licitacao","category-licitacao_2017_2020"],"amp_enabled":true,"mfb_rest_fields":["gutenberg_elementor_mode","amp_enabled"],"_links":{"self":[{"href":"https:\/\/juvenilia.mg.gov.br\/portal\/wp-json\/wp\/v2\/posts\/27263","targetHints":{"allow":["GET"]}}],"collection":[{"href":"https:\/\/juvenilia.mg.gov.br\/portal\/wp-json\/wp\/v2\/posts"}],"about":[{"href":"https:\/\/juvenilia.mg.gov.br\/portal\/wp-json\/wp\/v2\/types\/post"}],"author":[{"embeddable":true,"href":"https:\/\/juvenilia.mg.gov.br\/portal\/wp-json\/wp\/v2\/users\/2"}],"replies":[{"embeddable":true,"href":"https:\/\/juvenilia.mg.gov.br\/portal\/wp-json\/wp\/v2\/comments?post=27263"}],"version-history":[{"count":1,"href":"https:\/\/juvenilia.mg.gov.br\/portal\/wp-json\/wp\/v2\/posts\/27263\/revisions"}],"predecessor-version":[{"id":34590,"href":"https:\/\/juvenilia.mg.gov.br\/portal\/wp-json\/wp\/v2\/posts\/27263\/revisions\/34590"}],"wp:attachment":[{"href":"https:\/\/juvenilia.mg.gov.br\/portal\/wp-json\/wp\/v2\/media?parent=27263"}],"wp:term":[{"taxonomy":"category","embeddable":true,"href":"https:\/\/juvenilia.mg.gov.br\/portal\/wp-json\/wp\/v2\/categories?post=27263"},{"taxonomy":"post_tag","embeddable":true,"href":"https:\/\/juvenilia.mg.gov.br\/portal\/wp-json\/wp\/v2\/tags?post=27263"}],"curies":[{"name":"wp","href":"https:\/\/api.w.org\/{rel}","templated":true}]}}