{"id":27256,"date":"2018-01-12T13:06:59","date_gmt":"2018-01-12T16:06:59","guid":{"rendered":"http:\/\/juvenilia.mg.gov.br\/portal\/?p=27256"},"modified":"2023-01-28T17:42:11","modified_gmt":"2023-01-28T20:42:11","slug":"processo-licitatorio-006-2018-dispensa-de-licitacao-no-001-2018","status":"publish","type":"post","link":"https:\/\/juvenilia.mg.gov.br\/portal\/processo-licitatorio-006-2018-dispensa-de-licitacao-no-001-2018\/","title":{"rendered":"Processo Licitat\u00f3rio 006\/2018 \u2013 Dispensa de Licita\u00e7\u00e3o n\u00ba 001\/2018"},"content":{"rendered":"<p><strong>S\u00cdNTESE DO OBJETO:<\/strong> \u201cAquisi\u00e7\u00e3o de gasolina comum para procedimentos de abastecimento dos ve\u00edculos que integram a frota municipal, atrav\u00e9s dispensa de licita\u00e7\u00e3o, com fulcro no art. 24, inciso II da Lei Federal n\u00ba 8.666\/93, de forma parcelada, conforme detalhado no termo de refer\u00eancia, at\u00e9 o desfecho de processo licitat\u00f3rio que ser\u00e1 inaugurado, em atendimento \u00e0 solicita\u00e7\u00e3o da Secretaria Municipal de Transporte e Estradas Vicinais\u201d.<\/p>\n<h4>EXTRATO<\/h4>\n<p>A Prefeitura Municipal de Juven\u00edlia \u2013 MG, por interm\u00e9dio do Presidente da Comiss\u00e3o Permanente de Licita\u00e7\u00e3o Sr. S\u00f3stenes Nogueira de Oliveira, nomeado atrav\u00e9s da Portaria n\u00ba 140, de 02.01.2018, torna p\u00fablico o resultado do Processo Licitat\u00f3rio n\u00b0 005\/2018 \u2013 Dispensa de Licita\u00e7\u00e3o 001\/2018.<\/p>\n<table>\n<tbody>\n<tr>\n<td><a href=\"https:\/\/juvenilia.mg.gov.br\/portal\/wp-content\/uploads\/2018\/01\/pdf-e1530588006399.png\"><img decoding=\"async\" class=\"alignnone wp-image-27224\" src=\"https:\/\/juvenilia.mg.gov.br\/portal\/wp-content\/uploads\/2018\/01\/pdf-297x300.png\" alt=\"\" width=\"64\" height=\"65\" title=\"\"><\/a><\/td>\n<td><a  data-e-Disable-Page-Transition=\"true\" class=\"download-link\" title=\"\" href=\"https:\/\/juvenilia.mg.gov.br\/portal\/download\/27257\/?tmstv=1777313197\" rel=\"nofollow\" id=\"download-link-27257\" >\n\tRESULTADO E EXTRATO DISPENSA DE LICITA\u00c7\u00c3O 01 PL.06.2018\t(851 downloads\t)\n<\/a>\n<\/td>\n<\/tr>\n<\/tbody>\n<\/table>\n","protected":false},"excerpt":{"rendered":"<p>S\u00cdNTESE DO OBJETO: \u201cAquisi\u00e7\u00e3o de gasolina comum para procedimentos de abastecimento dos ve\u00edculos que integram a frota municipal, atrav\u00e9s dispensa de licita\u00e7\u00e3o, com fulcro no art. 24, inciso II da Lei Federal n\u00ba 8.666\/93, de forma parcelada, conforme detalhado no termo de refer\u00eancia, at\u00e9 o desfecho de processo licitat\u00f3rio que ser\u00e1 inaugurado, em atendimento \u00e0 [&hellip;]<\/p>\n","protected":false},"author":2,"featured_media":0,"comment_status":"closed","ping_status":"closed","sticky":false,"template":"","format":"standard","meta":{"footnotes":""},"categories":[10,6],"tags":[],"class_list":["post-27256","post","type-post","status-publish","format-standard","hentry","category-dispensa-de-licitacao","category-licitacao_2017_2020"],"amp_enabled":true,"mfb_rest_fields":["gutenberg_elementor_mode","amp_enabled"],"_links":{"self":[{"href":"https:\/\/juvenilia.mg.gov.br\/portal\/wp-json\/wp\/v2\/posts\/27256","targetHints":{"allow":["GET"]}}],"collection":[{"href":"https:\/\/juvenilia.mg.gov.br\/portal\/wp-json\/wp\/v2\/posts"}],"about":[{"href":"https:\/\/juvenilia.mg.gov.br\/portal\/wp-json\/wp\/v2\/types\/post"}],"author":[{"embeddable":true,"href":"https:\/\/juvenilia.mg.gov.br\/portal\/wp-json\/wp\/v2\/users\/2"}],"replies":[{"embeddable":true,"href":"https:\/\/juvenilia.mg.gov.br\/portal\/wp-json\/wp\/v2\/comments?post=27256"}],"version-history":[{"count":1,"href":"https:\/\/juvenilia.mg.gov.br\/portal\/wp-json\/wp\/v2\/posts\/27256\/revisions"}],"predecessor-version":[{"id":34592,"href":"https:\/\/juvenilia.mg.gov.br\/portal\/wp-json\/wp\/v2\/posts\/27256\/revisions\/34592"}],"wp:attachment":[{"href":"https:\/\/juvenilia.mg.gov.br\/portal\/wp-json\/wp\/v2\/media?parent=27256"}],"wp:term":[{"taxonomy":"category","embeddable":true,"href":"https:\/\/juvenilia.mg.gov.br\/portal\/wp-json\/wp\/v2\/categories?post=27256"},{"taxonomy":"post_tag","embeddable":true,"href":"https:\/\/juvenilia.mg.gov.br\/portal\/wp-json\/wp\/v2\/tags?post=27256"}],"curies":[{"name":"wp","href":"https:\/\/api.w.org\/{rel}","templated":true}]}}