{"id":27249,"date":"2018-02-26T12:15:54","date_gmt":"2018-02-26T15:15:54","guid":{"rendered":"http:\/\/juvenilia.mg.gov.br\/portal\/?p=27249"},"modified":"2023-01-28T17:39:50","modified_gmt":"2023-01-28T20:39:50","slug":"processo-licitatorio-009-2018-inexigibilidade-de-licitacao-no-002-2018-adesao-no-002-2018","status":"publish","type":"post","link":"https:\/\/juvenilia.mg.gov.br\/portal\/processo-licitatorio-009-2018-inexigibilidade-de-licitacao-no-002-2018-adesao-no-002-2018\/","title":{"rendered":"Processo Licitat\u00f3rio 009\/2018 \u2013 Inexigibilidade de Licita\u00e7\u00e3o n\u00ba 002\/2018 &#8211; Ades\u00e3o n\u00ba 002\/2018"},"content":{"rendered":"<p><strong>S\u00cdNTESE DO OBJETO:<\/strong> Ades\u00e3o \u00e0 Ata de Registro de Pre\u00e7os n\u00ba 022\/2017, celebrada entre o Munic\u00edpio de Bonito de Minas e a empresa Jo\u00e3o Manoel Pires Ruas-ME, em face do desfecho do Preg\u00e3o Presencial n\u00ba 014\/2017, por conta da presta\u00e7\u00e3o de servi\u00e7os de manuten\u00e7\u00e3o da ilumina\u00e7\u00e3o p\u00fablica na sede e nos distritos do Munic\u00edpio de Juven\u00edlia, conforme detalhado no anexo I \u2013 termo de referencia, em atendimento \u00e0 solicita\u00e7\u00e3o da Secretaria Municipal de Obras e Servi\u00e7os Comunit\u00e1rios\u201d.<\/p>\n<h4>EXTRATO<\/h4>\n<p>A Prefeitura Municipal de Juven\u00edlia \u2013 MG, por interm\u00e9dio do Presidente da Comiss\u00e3o Permanente de Licita\u00e7\u00e3o Sr. S\u00f3stenes Nogueira de Oliveira, nomeado atrav\u00e9s da Portaria n\u00ba 140, de 02.01.2018, torna p\u00fablico o resultado do Processo Licitat\u00f3rio n\u00b0 009 \u2013 Inexigibilidade de Licita\u00e7\u00e3o n\u00b0 002 &#8211; Ades\u00e3o n\u00ba 002\/2018.<\/p>\n<table>\n<tbody>\n<tr>\n<td><a href=\"https:\/\/juvenilia.mg.gov.br\/portal\/wp-content\/uploads\/2018\/01\/pdf-e1530588006399.png\"><img decoding=\"async\" class=\"alignnone wp-image-27224\" src=\"https:\/\/juvenilia.mg.gov.br\/portal\/wp-content\/uploads\/2018\/01\/pdf-297x300.png\" alt=\"\" width=\"64\" height=\"65\" title=\"\"><\/a><\/td>\n<td><a  data-e-Disable-Page-Transition=\"true\" class=\"download-link\" title=\"\" href=\"https:\/\/juvenilia.mg.gov.br\/portal\/download\/27250\/?tmstv=1777298903\" rel=\"nofollow\" id=\"download-link-27250\" >\n\tEXTRATO DE CONTRATO INEXIGIBILIDADE.02.PL.092018\t(900 downloads\t)\n<\/a>\n<\/td>\n<\/tr>\n<\/tbody>\n<\/table>\n","protected":false},"excerpt":{"rendered":"<p>S\u00cdNTESE DO OBJETO: Ades\u00e3o \u00e0 Ata de Registro de Pre\u00e7os n\u00ba 022\/2017, celebrada entre o Munic\u00edpio de Bonito de Minas e a empresa Jo\u00e3o Manoel Pires Ruas-ME, em face do desfecho do Preg\u00e3o Presencial n\u00ba 014\/2017, por conta da presta\u00e7\u00e3o de servi\u00e7os de manuten\u00e7\u00e3o da ilumina\u00e7\u00e3o p\u00fablica na sede e nos distritos do Munic\u00edpio de [&hellip;]<\/p>\n","protected":false},"author":2,"featured_media":0,"comment_status":"closed","ping_status":"closed","sticky":false,"template":"","format":"standard","meta":{"footnotes":""},"categories":[38,7,6],"tags":[],"class_list":["post-27249","post","type-post","status-publish","format-standard","hentry","category-adesao-ata-registro-de-precos","category-inexigibilidade","category-licitacao_2017_2020"],"amp_enabled":true,"mfb_rest_fields":["gutenberg_elementor_mode","amp_enabled"],"_links":{"self":[{"href":"https:\/\/juvenilia.mg.gov.br\/portal\/wp-json\/wp\/v2\/posts\/27249","targetHints":{"allow":["GET"]}}],"collection":[{"href":"https:\/\/juvenilia.mg.gov.br\/portal\/wp-json\/wp\/v2\/posts"}],"about":[{"href":"https:\/\/juvenilia.mg.gov.br\/portal\/wp-json\/wp\/v2\/types\/post"}],"author":[{"embeddable":true,"href":"https:\/\/juvenilia.mg.gov.br\/portal\/wp-json\/wp\/v2\/users\/2"}],"replies":[{"embeddable":true,"href":"https:\/\/juvenilia.mg.gov.br\/portal\/wp-json\/wp\/v2\/comments?post=27249"}],"version-history":[{"count":1,"href":"https:\/\/juvenilia.mg.gov.br\/portal\/wp-json\/wp\/v2\/posts\/27249\/revisions"}],"predecessor-version":[{"id":34586,"href":"https:\/\/juvenilia.mg.gov.br\/portal\/wp-json\/wp\/v2\/posts\/27249\/revisions\/34586"}],"wp:attachment":[{"href":"https:\/\/juvenilia.mg.gov.br\/portal\/wp-json\/wp\/v2\/media?parent=27249"}],"wp:term":[{"taxonomy":"category","embeddable":true,"href":"https:\/\/juvenilia.mg.gov.br\/portal\/wp-json\/wp\/v2\/categories?post=27249"},{"taxonomy":"post_tag","embeddable":true,"href":"https:\/\/juvenilia.mg.gov.br\/portal\/wp-json\/wp\/v2\/tags?post=27249"}],"curies":[{"name":"wp","href":"https:\/\/api.w.org\/{rel}","templated":true}]}}