{"id":27187,"date":"2018-06-21T11:22:10","date_gmt":"2018-06-21T14:22:10","guid":{"rendered":"http:\/\/juvenilia.mg.gov.br\/portal\/?p=27187"},"modified":"2023-01-28T17:25:36","modified_gmt":"2023-01-28T20:25:36","slug":"processo-licitatorio-no-033-2018-tomada-de-precos-no-001-2018","status":"publish","type":"post","link":"https:\/\/juvenilia.mg.gov.br\/portal\/processo-licitatorio-no-033-2018-tomada-de-precos-no-001-2018\/","title":{"rendered":"Processo Licitat\u00f3rio n\u00ba 033-2018 &#8211; Tomada de Pre\u00e7os n\u00ba 001-2018"},"content":{"rendered":"<p><strong>S\u00cdNTESE DO OBJETO:<\/strong> Sele\u00e7\u00e3o da proposta mais vantajosa objetivando a futura \u201ccontrata\u00e7\u00e3o de pessoa jur\u00eddica com habilidade em engenharia para a execu\u00e7\u00e3o de obras de constru\u00e7\u00e3o de um campo de futebol na sede do Munic\u00edpio, com recurso financeiro oriundo do Conv\u00eanio n\u00ba 1671001520\/2017, firmado entre o Munic\u00edpio de Juven\u00edlia e a Secretaria de Estado de Esporte do Estado de Minas Gerais\/MG, e contra partida do Munic\u00edpio, em conformidade com o detalhado na planilha or\u00e7ament\u00e1ria, no memorial descritivo, no cronograma f\u00edsico financeiro, no projeto arquitet\u00f4nico, e em observ\u00e2ncia ao detalhado no termo de refer\u00eancia, em atendimento \u00e0 solicita\u00e7\u00e3o da Secretaria Municipal de Obras e Servi\u00e7os Comunit\u00e1rios\u201d.<\/p>\n<h4>ABERTURA<\/h4>\n<p><strong>Data:<\/strong> 06\/07\/2018 &#8211; <strong>Hor\u00e1rio:<\/strong> 08:00<\/p>\n<h4>AVISO DE CANCELAMENTO<\/h4>\n<p>A PREFEITURA DE JUVEN\u00cdLIA-MG, torna p\u00fablico o <strong>CANCELAMENTO<\/strong> da licita\u00e7\u00e3o objeto da Tomada de Pre\u00e7os 001\/2018, Processo Licitat\u00f3rio 033\/2018 \u2013 Sele\u00e7\u00e3o da proposta mais vantajosa objetivando a futura \u201ccontrata\u00e7\u00e3o de pessoa jur\u00eddica com habilidade em engenharia para a execu\u00e7\u00e3o de obras de constru\u00e7\u00e3o de um campo de futebol na Sede do Munic\u00edpio. \u2013 Departamento de Licita\u00e7\u00f5es 03.07<\/p>\n<h4>DOWNLOADS<\/h4>\n<h5>EDITAL<\/h5>\n<table>\n<tbody>\n<tr>\n<td><a href=\"https:\/\/juvenilia.mg.gov.br\/portal\/wp-content\/uploads\/2017\/02\/52ff0e80b07d28b590bbc4b30befde52-e1494832746317.png\"><img decoding=\"async\" class=\"alignnone wp-image-25641\" src=\"https:\/\/juvenilia.mg.gov.br\/portal\/wp-content\/uploads\/2017\/02\/52ff0e80b07d28b590bbc4b30befde52-297x300.png\" alt=\"\" width=\"65\" height=\"66\" title=\"\"><\/a><\/td>\n<td><a  data-e-Disable-Page-Transition=\"true\" class=\"download-link\" title=\"\" href=\"https:\/\/juvenilia.mg.gov.br\/portal\/download\/27184\/?tmstv=1777279567\" rel=\"nofollow\" id=\"download-link-27184\" >\n\tEdital Tomada de Pre\u00e7os n\u00ba 001-2018 - Execu\u00e7\u00e3o de obra de constru\u00e7\u00e3o de campo de futebol na sede do Munic\u00edpio\t(891 downloads\t)\n<\/a>\n<\/td>\n<\/tr>\n<\/tbody>\n<\/table>\n","protected":false},"excerpt":{"rendered":"<p>S\u00cdNTESE DO OBJETO: Sele\u00e7\u00e3o da proposta mais vantajosa objetivando a futura \u201ccontrata\u00e7\u00e3o de pessoa jur\u00eddica com habilidade em engenharia para a execu\u00e7\u00e3o de obras de constru\u00e7\u00e3o de um campo de futebol na sede do Munic\u00edpio, com recurso financeiro oriundo do Conv\u00eanio n\u00ba 1671001520\/2017, firmado entre o Munic\u00edpio de Juven\u00edlia e a Secretaria de Estado de [&hellip;]<\/p>\n","protected":false},"author":2,"featured_media":0,"comment_status":"closed","ping_status":"closed","sticky":false,"template":"","format":"standard","meta":{"footnotes":""},"categories":[6,8],"tags":[],"class_list":["post-27187","post","type-post","status-publish","format-standard","hentry","category-licitacao_2017_2020","category-tomadadeprecos"],"amp_enabled":true,"mfb_rest_fields":["gutenberg_elementor_mode","amp_enabled"],"_links":{"self":[{"href":"https:\/\/juvenilia.mg.gov.br\/portal\/wp-json\/wp\/v2\/posts\/27187","targetHints":{"allow":["GET"]}}],"collection":[{"href":"https:\/\/juvenilia.mg.gov.br\/portal\/wp-json\/wp\/v2\/posts"}],"about":[{"href":"https:\/\/juvenilia.mg.gov.br\/portal\/wp-json\/wp\/v2\/types\/post"}],"author":[{"embeddable":true,"href":"https:\/\/juvenilia.mg.gov.br\/portal\/wp-json\/wp\/v2\/users\/2"}],"replies":[{"embeddable":true,"href":"https:\/\/juvenilia.mg.gov.br\/portal\/wp-json\/wp\/v2\/comments?post=27187"}],"version-history":[{"count":1,"href":"https:\/\/juvenilia.mg.gov.br\/portal\/wp-json\/wp\/v2\/posts\/27187\/revisions"}],"predecessor-version":[{"id":34544,"href":"https:\/\/juvenilia.mg.gov.br\/portal\/wp-json\/wp\/v2\/posts\/27187\/revisions\/34544"}],"wp:attachment":[{"href":"https:\/\/juvenilia.mg.gov.br\/portal\/wp-json\/wp\/v2\/media?parent=27187"}],"wp:term":[{"taxonomy":"category","embeddable":true,"href":"https:\/\/juvenilia.mg.gov.br\/portal\/wp-json\/wp\/v2\/categories?post=27187"},{"taxonomy":"post_tag","embeddable":true,"href":"https:\/\/juvenilia.mg.gov.br\/portal\/wp-json\/wp\/v2\/tags?post=27187"}],"curies":[{"name":"wp","href":"https:\/\/api.w.org\/{rel}","templated":true}]}}