{"id":27123,"date":"2018-05-09T08:27:59","date_gmt":"2018-05-09T11:27:59","guid":{"rendered":"http:\/\/juvenilia.mg.gov.br\/portal\/?p=27123"},"modified":"2023-01-28T17:29:06","modified_gmt":"2023-01-28T20:29:06","slug":"processo-licitatorio-025-2018-pregao-presencial-012-2018","status":"publish","type":"post","link":"https:\/\/juvenilia.mg.gov.br\/portal\/processo-licitatorio-025-2018-pregao-presencial-012-2018\/","title":{"rendered":"Processo Licitat\u00f3rio 025\/2018 \u2013 Preg\u00e3o Presencial 012\/2018"},"content":{"rendered":"<p><strong>S\u00cdNTESE DO OBJETO:<\/strong> Sele\u00e7\u00e3o da proposta mais vantajosa objetivando Registro de Pre\u00e7os para a futura e eventual \u201caquisi\u00e7\u00e3o de combust\u00edveis para abastecimento de ve\u00edculos em transito, transportando pacientes que requer tratamento fora do domic\u00edlio (TFD), at\u00e9 a cidade p\u00f3lo de Montes Claros e ou Belo Horizonte, conforme detalhado no termo de referencia, em atendimento \u00e0 solicita\u00e7\u00e3o da Secretaria Municipal de Transporte\u201d.<\/p>\n<h2>LICITA\u00c7\u00c3O DESERTA<\/h2>\n<h2>ABERTURA<\/h2>\n<p><strong>Data:<\/strong> 23\/05\/2018 <strong>Hor\u00e1rio:<\/strong> 08:00<\/p>\n<h1>DOWNLOADS<\/h1>\n<p style=\"text-align: left;\">EDITAL<\/p>\n<p style=\"text-align: left;\" align=\"center\"><a  data-e-Disable-Page-Transition=\"true\" class=\"download-link\" title=\"\" href=\"https:\/\/juvenilia.mg.gov.br\/portal\/download\/27120\/?tmstv=1777196196\" rel=\"nofollow\" id=\"download-link-27120\" >\n\tEdital - Preg\u00e3o Presencial n\u00ba 012-2018 - Aquisi\u00e7\u00e3o de combust\u00edveis para abastecimento de veiculos em transito - M. Claros\t(952 downloads\t)\n<\/a>\n<\/p>\n","protected":false},"excerpt":{"rendered":"<p>S\u00cdNTESE DO OBJETO: Sele\u00e7\u00e3o da proposta mais vantajosa objetivando Registro de Pre\u00e7os para a futura e eventual \u201caquisi\u00e7\u00e3o de combust\u00edveis para abastecimento de ve\u00edculos em transito, transportando pacientes que requer tratamento fora do domic\u00edlio (TFD), at\u00e9 a cidade p\u00f3lo de Montes Claros e ou Belo Horizonte, conforme detalhado no termo de referencia, em atendimento \u00e0 [&hellip;]<\/p>\n","protected":false},"author":2,"featured_media":0,"comment_status":"closed","ping_status":"closed","sticky":false,"template":"","format":"standard","meta":{"footnotes":""},"categories":[6,9],"tags":[],"class_list":["post-27123","post","type-post","status-publish","format-standard","hentry","category-licitacao_2017_2020","category-pregaopresencial"],"amp_enabled":true,"mfb_rest_fields":["gutenberg_elementor_mode","amp_enabled"],"_links":{"self":[{"href":"https:\/\/juvenilia.mg.gov.br\/portal\/wp-json\/wp\/v2\/posts\/27123","targetHints":{"allow":["GET"]}}],"collection":[{"href":"https:\/\/juvenilia.mg.gov.br\/portal\/wp-json\/wp\/v2\/posts"}],"about":[{"href":"https:\/\/juvenilia.mg.gov.br\/portal\/wp-json\/wp\/v2\/types\/post"}],"author":[{"embeddable":true,"href":"https:\/\/juvenilia.mg.gov.br\/portal\/wp-json\/wp\/v2\/users\/2"}],"replies":[{"embeddable":true,"href":"https:\/\/juvenilia.mg.gov.br\/portal\/wp-json\/wp\/v2\/comments?post=27123"}],"version-history":[{"count":1,"href":"https:\/\/juvenilia.mg.gov.br\/portal\/wp-json\/wp\/v2\/posts\/27123\/revisions"}],"predecessor-version":[{"id":34556,"href":"https:\/\/juvenilia.mg.gov.br\/portal\/wp-json\/wp\/v2\/posts\/27123\/revisions\/34556"}],"wp:attachment":[{"href":"https:\/\/juvenilia.mg.gov.br\/portal\/wp-json\/wp\/v2\/media?parent=27123"}],"wp:term":[{"taxonomy":"category","embeddable":true,"href":"https:\/\/juvenilia.mg.gov.br\/portal\/wp-json\/wp\/v2\/categories?post=27123"},{"taxonomy":"post_tag","embeddable":true,"href":"https:\/\/juvenilia.mg.gov.br\/portal\/wp-json\/wp\/v2\/tags?post=27123"}],"curies":[{"name":"wp","href":"https:\/\/api.w.org\/{rel}","templated":true}]}}