{"id":27114,"date":"2018-04-26T12:03:02","date_gmt":"2018-04-26T15:03:02","guid":{"rendered":"http:\/\/juvenilia.mg.gov.br\/portal\/?p=27114"},"modified":"2023-01-28T17:30:21","modified_gmt":"2023-01-28T20:30:21","slug":"processo-licitatorio-023-2018-dispensa-de-licitacao-007-2018-chamada-publica-001-2018","status":"publish","type":"post","link":"https:\/\/juvenilia.mg.gov.br\/portal\/processo-licitatorio-023-2018-dispensa-de-licitacao-007-2018-chamada-publica-001-2018\/","title":{"rendered":"Processo Licitat\u00f3rio 023\/2018 \u2013 Dispensa de Licita\u00e7\u00e3o 007\/2018 &#8211; Chamada P\u00fablica 001\/2018"},"content":{"rendered":"<p style=\"text-align: left;\"><strong>S\u00cdNTESE DO OBJETO:<\/strong>\u201cAquisi\u00e7\u00e3o de g\u00eaneros aliment\u00edcios oriundos da agricultura familiar e do empreendedor familiar rural, para complementar na confec\u00e7\u00e3o da merenda escolar, considerando o disposto no art. 21 da Lei Federal n\u00b0 11947\/2009 e os ditames da Resolu\u00e7\u00e3o n\u00ba 26, de 17 de junho de 2013, alterada pela Resolu\u00e7\u00e3o FNDE\/CD n\u00ba 4, de 02 de abril de 2015, e em observ\u00e2ncia \u00e0s prerrogativas da Lei Federal de Licita\u00e7\u00e3o entrega de forma parcelada durante o exerc\u00edcio de 2.018, atrav\u00e9s dispensa de licita\u00e7\u00e3o n\u00ba: 8.666\/93, em conformidade com o teor do edital da chamada p\u00fablica n\u00ba 001\/2018, conforme detalhado no projeto de vendas, em atendimento \u00e0 solicita\u00e7\u00e3o da Secretaria Municipal de Educa\u00e7\u00e3o\u201d.<\/p>\n<h2>ABERTURA<\/h2>\n<p><strong>Data:<\/strong> 14\/05\/2018 <strong>Hor\u00e1rio:<\/strong> 08:00<\/p>\n<h1>DOWNLOADS<\/h1>\n<h2>EDITAL<\/h2>\n<table style=\"border-collapse: collapse; width: 100%;\" border=\"1\">\n<tbody>\n<tr>\n<td style=\"width: 15.5172%;\"><a href=\"https:\/\/juvenilia.mg.gov.br\/portal\/wp-content\/uploads\/2018\/01\/pdf-e1530588006399.png\"><img decoding=\"async\" class=\"alignnone  wp-image-27224\" src=\"https:\/\/juvenilia.mg.gov.br\/portal\/wp-content\/uploads\/2018\/01\/pdf-297x300.png\" alt=\"\" width=\"69\" height=\"69\" title=\"\"><\/a><\/td>\n<td style=\"width: 84.4828%;\">\n<p style=\"text-align: left;\" align=\"center\"><a  data-e-Disable-Page-Transition=\"true\" class=\"download-link\" title=\"\" href=\"https:\/\/juvenilia.mg.gov.br\/portal\/download\/27110\/?tmstv=1777210060\" rel=\"nofollow\" id=\"download-link-27110\" >\n\tEdital - Dispensa de Licita\u00e7\u00e3o n\u00ba 007-2018 - Aquisi\u00e7\u00e3o g\u00eaneros aliment\u00edcios atrav\u00e9s agricultura familiar para confec\u00e7\u00e3o de merenda escolar\t(799 downloads\t)\n<\/a>\n<\/p>\n<\/td>\n<\/tr>\n<\/tbody>\n<\/table>\n\n\n<h5 class=\"wp-block-heading\">Publica\u00e7\u00e3o: Resultado Processo Licitat\u00f3rio 023\/2018<br><\/h5>\n\n\n\n<figure class=\"wp-block-embed is-type-rich is-provider-incorporar-manipulador\"><div class=\"wp-block-embed__wrapper\">\nhttps:\/\/juvenilia.mg.gov.br\/portal\/wp-content\/uploads\/2018\/11\/Resultado_Processo_023_2018.pdf\n<\/div><\/figure>\n\n\n\n<h5 class=\"wp-block-heading\">Publica\u00e7\u00e3o Extrato de contratos Processo 023\/2018<br><\/h5>\n\n\n\n<figure class=\"wp-block-embed is-type-rich is-provider-incorporar-manipulador\"><div class=\"wp-block-embed__wrapper\">\nhttps:\/\/juvenilia.mg.gov.br\/portal\/wp-content\/uploads\/2018\/11\/Extrato_Contrato_015_2018_Processo023_2018-1.pdf\n<\/div><\/figure>\n\n\n\n<figure class=\"wp-block-embed is-type-rich is-provider-incorporar-manipulador\"><div class=\"wp-block-embed__wrapper\">\nhttps:\/\/juvenilia.mg.gov.br\/portal\/wp-content\/uploads\/2018\/11\/Extrato_Contrato_016_2018_Processo_023_2018-1.pdf\n<\/div><\/figure>\n\n\n\n<figure class=\"wp-block-embed is-type-rich is-provider-incorporar-manipulador\"><div class=\"wp-block-embed__wrapper\">\nhttps:\/\/juvenilia.mg.gov.br\/portal\/wp-content\/uploads\/2018\/11\/Extrato_Contrato_017_2018_Processo_023_2018.pdf\n<\/div><\/figure>\n\n\n\n<figure class=\"wp-block-embed is-type-rich is-provider-incorporar-manipulador\"><div class=\"wp-block-embed__wrapper\">\nhttps:\/\/juvenilia.mg.gov.br\/portal\/wp-content\/uploads\/2018\/11\/Extrato_Contrato_018_2018_Processo_023_2018.pdf\n<\/div><\/figure>\n","protected":false},"excerpt":{"rendered":"<p>S\u00cdNTESE DO OBJETO:\u201cAquisi\u00e7\u00e3o de g\u00eaneros aliment\u00edcios oriundos da agricultura familiar e do empreendedor familiar rural, para complementar na confec\u00e7\u00e3o da merenda escolar, considerando o disposto no art. 21 da Lei Federal n\u00b0 11947\/2009 e os ditames da Resolu\u00e7\u00e3o n\u00ba 26, de 17 de junho de 2013, alterada pela Resolu\u00e7\u00e3o FNDE\/CD n\u00ba 4, de 02 de [&hellip;]<\/p>\n","protected":false},"author":2,"featured_media":0,"comment_status":"closed","ping_status":"closed","sticky":false,"template":"","format":"standard","meta":{"footnotes":""},"categories":[10,6],"tags":[],"class_list":["post-27114","post","type-post","status-publish","format-standard","hentry","category-dispensa-de-licitacao","category-licitacao_2017_2020"],"amp_enabled":true,"mfb_rest_fields":["gutenberg_elementor_mode","amp_enabled"],"_links":{"self":[{"href":"https:\/\/juvenilia.mg.gov.br\/portal\/wp-json\/wp\/v2\/posts\/27114","targetHints":{"allow":["GET"]}}],"collection":[{"href":"https:\/\/juvenilia.mg.gov.br\/portal\/wp-json\/wp\/v2\/posts"}],"about":[{"href":"https:\/\/juvenilia.mg.gov.br\/portal\/wp-json\/wp\/v2\/types\/post"}],"author":[{"embeddable":true,"href":"https:\/\/juvenilia.mg.gov.br\/portal\/wp-json\/wp\/v2\/users\/2"}],"replies":[{"embeddable":true,"href":"https:\/\/juvenilia.mg.gov.br\/portal\/wp-json\/wp\/v2\/comments?post=27114"}],"version-history":[{"count":1,"href":"https:\/\/juvenilia.mg.gov.br\/portal\/wp-json\/wp\/v2\/posts\/27114\/revisions"}],"predecessor-version":[{"id":34560,"href":"https:\/\/juvenilia.mg.gov.br\/portal\/wp-json\/wp\/v2\/posts\/27114\/revisions\/34560"}],"wp:attachment":[{"href":"https:\/\/juvenilia.mg.gov.br\/portal\/wp-json\/wp\/v2\/media?parent=27114"}],"wp:term":[{"taxonomy":"category","embeddable":true,"href":"https:\/\/juvenilia.mg.gov.br\/portal\/wp-json\/wp\/v2\/categories?post=27114"},{"taxonomy":"post_tag","embeddable":true,"href":"https:\/\/juvenilia.mg.gov.br\/portal\/wp-json\/wp\/v2\/tags?post=27114"}],"curies":[{"name":"wp","href":"https:\/\/api.w.org\/{rel}","templated":true}]}}