{"id":27070,"date":"2018-03-17T16:00:34","date_gmt":"2018-03-17T19:00:34","guid":{"rendered":"http:\/\/juvenilia.mg.gov.br\/portal\/?p=27070"},"modified":"2023-01-28T17:32:42","modified_gmt":"2023-01-28T20:32:42","slug":"processo-licitatorio-018-2018-pregao-presencial-010-2018","status":"publish","type":"post","link":"https:\/\/juvenilia.mg.gov.br\/portal\/processo-licitatorio-018-2018-pregao-presencial-010-2018\/","title":{"rendered":"Processo Licitat\u00f3rio 018\/2018 \u2013 Preg\u00e3o Presencial 010\/2018"},"content":{"rendered":"<p style=\"text-align: justify;\"><strong>S\u00cdNTESE DO OBJETO:<\/strong> Sele\u00e7\u00e3o da proposta mais vantajosa para Registro de Pre\u00e7os, objetivando a futura e eventual \u201ccontrata\u00e7\u00e3o de empresa para presta\u00e7\u00e3o de servi\u00e7os de publica\u00e7\u00f5es em jornais (Di\u00e1rio Oficial do Estado de Minas Gerais, Di\u00e1rio Oficial da Uni\u00e3o e Jornal de Grande Circula\u00e7\u00e3o), para divulga\u00e7\u00e3o dos atos oficiais e administrativos da Prefeitura Municipal de Juven\u00edlia, em atendimento \u00e0s exig\u00eancias do art. 21 da Federal n\u00ba 8.666\/93, conforme detalhado no Termo de Refer\u00eancia, em atendimento \u00e0 solicita\u00e7\u00e3o da Secretaria Municipal Geral de Administra\u00e7\u00e3o\u201d.<\/p>\n<h4>ABERTURA<\/h4>\n<p><strong>Data:<\/strong> 29\/03\/2018 <strong>Hor\u00e1rio:<\/strong> 08:00<\/p>\n<h4>DOWNLOADS<\/h4>\n<h5>EDITAL<\/h5>\n<table>\n<tbody>\n<tr>\n<td><a href=\"https:\/\/juvenilia.mg.gov.br\/portal\/wp-content\/uploads\/2018\/01\/pdf-e1530588006399.png\"><img decoding=\"async\" class=\"alignnone wp-image-27224\" src=\"https:\/\/juvenilia.mg.gov.br\/portal\/wp-content\/uploads\/2018\/01\/pdf-297x300.png\" alt=\"\" width=\"72\" height=\"73\" title=\"\"><\/a><\/td>\n<td><a  data-e-Disable-Page-Transition=\"true\" class=\"download-link\" title=\"\" href=\"https:\/\/juvenilia.mg.gov.br\/portal\/download\/27067\/?tmstv=1777235278\" rel=\"nofollow\" id=\"download-link-27067\" >\n\tEdital - Preg\u00e3o Presencial n\u00ba 010-2018 - Servi\u00e7os de publica\u00e7\u00f5es de atos administrativos em org\u00e3os oficiais\t(1014 downloads\t)\n<\/a>\n<\/td>\n<\/tr>\n<\/tbody>\n<\/table>\n<h5>PUBLICA\u00c7\u00c3O: RESULTADO PROCESSO LICITAT\u00d3RIO N\u00ba 018\/2018 \u2013 PREG\u00c3O PRESENCIAL 010\/2018<\/h5>\n<p style=\"text-align: justify;\">A Prefeitura Municipal de Juven\u00edlia \u2013 MG, por interm\u00e9dio do Pregoeiro Oficial do Munic\u00edpio Sr. Adailton Rodrigues de Souza, nomeado atrav\u00e9s da portaria n\u00b0 141, de 02 de janeiro de 2018, torna p\u00fablico o resultado do Procedimento Administrativo n\u00ba 1018\/2018 &#8211; Processo Licitat\u00f3rio n\u00b0 018\/2018 \u2013 Preg\u00e3o Presencial n\u00b0 010\/2018, que tem como objeto a sele\u00e7\u00e3o da proposta mais vantajosa para Registro de Pre\u00e7os, objetivando a futura e eventual \u201ccontrata\u00e7\u00e3o de empresa para presta\u00e7\u00e3o de servi\u00e7os de publica\u00e7\u00f5es em jornais (Di\u00e1rio Oficial do Estado de Minas Gerais, Di\u00e1rio Oficial da Uni\u00e3o e Jornal de Grande Circula\u00e7\u00e3o), para divulga\u00e7\u00e3o dos atos oficiais e administrativos da Prefeitura Municipal de Juven\u00edlia(MG), em atendimento \u00e0s exig\u00eancias do art. 21 da Federal n\u00ba 8.666\/93, conforme detalhado no Termo de Refer\u00eancia, em atendimento \u00e0 solicita\u00e7\u00e3o da Secretaria Geral de Administra\u00e7\u00e3o\u201d.<\/p>\n<p style=\"text-align: justify;\"><strong>CONTRATANTE:<\/strong> MUNIC\u00cdPIO DE JUVEN\u00cdLIA \u2013 MG<\/p>\n<p style=\"text-align: justify;\"><strong>CONTRATADA:<\/strong> CONCEITO SOLU\u00c7\u00c3O EM PUBLICA\u00c7\u00c3O EIRELI \u2013 ME, CNPJ 20.068.898\/0001-47<\/p>\n<p style=\"text-align: justify;\"><strong>VALOR GLOBAL ESTIMADO:<\/strong> R$ 93.100,00 (noventa e tr\u00eas mil, cem reais)<\/p>\n<p style=\"text-align: justify;\"><strong>DOTA\u00c7\u00c3O OR\u00c7AMENT\u00c1RIA:<\/strong> 02.02.01.04.122.0002.2009 \u2013 Manuten\u00e7\u00e3o das Ativ. Administrativas \u2013 Sec. Geral de Administra\u00e7\u00e3o \u2013 3.3.90.39.00 \u2013 Ficha 079 \u2013 Fonte 100<\/p>\n<p style=\"text-align: center;\">Prefeitura Municipal de Juven\u00edlia, 06 de abril de 2018<\/p>\n<p style=\"text-align: center;\">Adailton Rodrigues de Souza<br \/>\nPregoeiro Oficial do Munic\u00edpio<br \/>\nPortaria n\u00b0 141, de 02.01.2018<\/p>\n<h5>EXTRATO ATA DE REGISTRO DE PRE\u00c7OS N\u00ba 014\/2018<\/h5>\n<p style=\"text-align: justify;\">O <strong>MUNIC\u00cdPIO DE JUVENILIA(MG)<\/strong>, torna p\u00fablico o extrato da Ata de Registro de Pre\u00e7os celebrada em face do desfecho do Preg\u00e3o Presencial n\u00b0010\/2018 \u2013 Processo Licitat\u00f3rio n\u00b0 018\/2018, na forma que segue:<\/p>\n<p style=\"text-align: justify;\"><strong>S\u00cdNTESE DO OBJETO:<\/strong> Sele\u00e7\u00e3o da proposta mais vantajosa para Registro de Pre\u00e7os, objetivando a futura e eventual \u201ccontrata\u00e7\u00e3o de empresa para presta\u00e7\u00e3o de servi\u00e7os de publica\u00e7\u00f5es em jornais (Di\u00e1rio Oficial do Estado de Minas Gerais, Di\u00e1rio Oficial da Uni\u00e3o e Jornal de Grande Circula\u00e7\u00e3o), para divulga\u00e7\u00e3o dos atos oficiais e administrativos da Prefeitura Municipal de Juven\u00edlia(MG), em atendimento \u00e0s exig\u00eancias do art. 21 da Federal n\u00ba 8.666\/93, conforme detalhado no Termo de Refer\u00eancia, em atendimento \u00e0 solicita\u00e7\u00e3o da Secretaria Geral de Administra\u00e7\u00e3o\u201d.<\/p>\n<p style=\"text-align: justify;\"><strong>CONTRATANTE:<\/strong> MUNIC\u00cdPIO DE JUVEN\u00cdLIA \u2013 MG<\/p>\n<p style=\"text-align: justify;\"><strong>CONTRATADA:<\/strong> CONCEITO SOLU\u00c7\u00c3O EM PUBLICA\u00c7\u00c3O EIRELI \u2013 ME, CNPJ 20.068.898\/0001-47<\/p>\n<p style=\"text-align: justify;\"><strong>VALOR GLOBAL ESTIMADO:<\/strong> R$ 93.100,00 (noventa e tr\u00eas mil, cem reais)<\/p>\n<p style=\"text-align: justify;\"><strong>VIG\u00caNCIA DA ATA DE REGISTRO DE PRE\u00c7O:<\/strong> 06.04.2017 a 06.04.2019<\/p>\n<p style=\"text-align: center;\">Prefeitura Municipal de Juven\u00edlia, 06 de abril de 2018<\/p>\n<p style=\"text-align: center;\">Adailton Rodrigues de Souza<br \/>\nPregoeiro Oficial do Munic\u00edpio<br \/>\nPortaria n\u00b0 141, de 02.01.2018<\/p>\n","protected":false},"excerpt":{"rendered":"<p>S\u00cdNTESE DO OBJETO: Sele\u00e7\u00e3o da proposta mais vantajosa para Registro de Pre\u00e7os, objetivando a futura e eventual \u201ccontrata\u00e7\u00e3o de empresa para presta\u00e7\u00e3o de servi\u00e7os de publica\u00e7\u00f5es em jornais (Di\u00e1rio Oficial do Estado de Minas Gerais, Di\u00e1rio Oficial da Uni\u00e3o e Jornal de Grande Circula\u00e7\u00e3o), para divulga\u00e7\u00e3o dos atos oficiais e administrativos da Prefeitura Municipal de [&hellip;]<\/p>\n","protected":false},"author":2,"featured_media":0,"comment_status":"closed","ping_status":"closed","sticky":false,"template":"","format":"standard","meta":{"footnotes":""},"categories":[6,9],"tags":[],"class_list":["post-27070","post","type-post","status-publish","format-standard","hentry","category-licitacao_2017_2020","category-pregaopresencial"],"amp_enabled":true,"mfb_rest_fields":["gutenberg_elementor_mode","amp_enabled"],"_links":{"self":[{"href":"https:\/\/juvenilia.mg.gov.br\/portal\/wp-json\/wp\/v2\/posts\/27070","targetHints":{"allow":["GET"]}}],"collection":[{"href":"https:\/\/juvenilia.mg.gov.br\/portal\/wp-json\/wp\/v2\/posts"}],"about":[{"href":"https:\/\/juvenilia.mg.gov.br\/portal\/wp-json\/wp\/v2\/types\/post"}],"author":[{"embeddable":true,"href":"https:\/\/juvenilia.mg.gov.br\/portal\/wp-json\/wp\/v2\/users\/2"}],"replies":[{"embeddable":true,"href":"https:\/\/juvenilia.mg.gov.br\/portal\/wp-json\/wp\/v2\/comments?post=27070"}],"version-history":[{"count":1,"href":"https:\/\/juvenilia.mg.gov.br\/portal\/wp-json\/wp\/v2\/posts\/27070\/revisions"}],"predecessor-version":[{"id":34568,"href":"https:\/\/juvenilia.mg.gov.br\/portal\/wp-json\/wp\/v2\/posts\/27070\/revisions\/34568"}],"wp:attachment":[{"href":"https:\/\/juvenilia.mg.gov.br\/portal\/wp-json\/wp\/v2\/media?parent=27070"}],"wp:term":[{"taxonomy":"category","embeddable":true,"href":"https:\/\/juvenilia.mg.gov.br\/portal\/wp-json\/wp\/v2\/categories?post=27070"},{"taxonomy":"post_tag","embeddable":true,"href":"https:\/\/juvenilia.mg.gov.br\/portal\/wp-json\/wp\/v2\/tags?post=27070"}],"curies":[{"name":"wp","href":"https:\/\/api.w.org\/{rel}","templated":true}]}}