{"id":27006,"date":"2018-02-21T16:45:44","date_gmt":"2018-02-21T19:45:44","guid":{"rendered":"http:\/\/juvenilia.mg.gov.br\/portal\/?p=27006"},"modified":"2023-01-28T17:38:19","modified_gmt":"2023-01-28T20:38:19","slug":"processo-licitatorio-012-2018-pregao-presencial-008-2018","status":"publish","type":"post","link":"https:\/\/juvenilia.mg.gov.br\/portal\/processo-licitatorio-012-2018-pregao-presencial-008-2018\/","title":{"rendered":"Processo Licitat\u00f3rio 012\/2018 \u2013 Preg\u00e3o Presencial 008\/2018"},"content":{"rendered":"<p><strong>S\u00cdNTESE DO OBJETO:<\/strong> Sele\u00e7\u00e3o da proposta mais vantajosa objetivando a \u201ccontrata\u00e7\u00e3o de pessoa jur\u00eddica com habilidade no ramo de transporte de passageiros, para a presta\u00e7\u00e3o de servi\u00e7os de transporte de escolares da educa\u00e7\u00e3o b\u00e1sica da rede p\u00fablica municipal e estadual de ensino fundamental e m\u00e9dio, bem como para outras atividades de apoio, conforme detalhado no termo de refer\u00eancia, em atendimento a solicita\u00e7\u00e3o da Secretaria Municipal de Educa\u00e7\u00e3o\u201d.<\/p>\n<h2>ABERTURA<\/h2>\n<p><strong>Data:<\/strong> 05\/03\/2018 <strong>Hor\u00e1rio:<\/strong> 08:00<\/p>\n<p><strong>ERRATA:<\/strong> A PREFEITURA DE JUVENILIA-MG, torna p\u00fablico ERRATA Processo Licitat\u00f3rio 0012\/2018 \u2013 Preg\u00e3o Presencial 008\/2018, Linha n\u00ba 05, onde se l\u00ea Ve\u00edculo tipo Van, ano fabrica\u00e7\u00e3o igual ou superior a 2004, com capacidade m\u00ednima de 09 lugares, leia-se Ve\u00edculo tipo Passeio, ano fabrica\u00e7\u00e3o igual ou superior a 2004, com capacidade m\u00ednima de 05 lugares.<\/p>\n<p>A linha n\u00ba 09 fica cancelada considerando que os turnos de atendimento foram unificados.<br \/>\nDepartamento de licita\u00e7\u00f5es. 27.02<\/p>\n<h2>EDITAL<\/h2>\n<table style=\"width: 100%; border-collapse: collapse; border-style: none;\" border=\"0\">\n<tbody>\n<tr>\n<td style=\"width: 9.32%;\"><a href=\"https:\/\/juvenilia.mg.gov.br\/portal\/wp-content\/uploads\/2018\/01\/pdf-e1530588006399.png\"><img fetchpriority=\"high\" decoding=\"async\" class=\"alignnone size-medium wp-image-27224\" src=\"https:\/\/juvenilia.mg.gov.br\/portal\/wp-content\/uploads\/2018\/01\/pdf-297x300.png\" alt=\"\" width=\"297\" height=\"300\" title=\"\"><\/a><\/td>\n<td style=\"width: 90.67%;\"><span style=\"display: inline !important; float: none; background-color: transparent; color: #424242; font-family: -apple-system,BlinkMacSystemFont,'Segoe UI',Roboto,Oxygen-Sans,Ubuntu,Cantarell,'Helvetica Neue',sans-serif; font-size: 14px; font-style: normal; font-variant: normal; font-weight: 600; letter-spacing: normal; orphans: 2; text-align: center; text-decoration: none; text-indent: 0px; text-transform: uppercase; -webkit-text-stroke-width: 0px; white-space: normal; word-spacing: 0px;\"><a  data-e-Disable-Page-Transition=\"true\" class=\"download-link\" title=\"\" href=\"https:\/\/juvenilia.mg.gov.br\/portal\/download\/27003\/?tmstv=1777272587\" rel=\"nofollow\" id=\"download-link-27003\" >\n\tEdital - Preg\u00e3o Presencial n\u00ba 008-2018 - Servi\u00e7os de transporte de escolares rede municipal e estadual de ensino - atualizado\t(988 downloads\t)\n<\/a>\n<\/span><\/td>\n<\/tr>\n<\/tbody>\n<\/table>\n","protected":false},"excerpt":{"rendered":"<p>S\u00cdNTESE DO OBJETO: Sele\u00e7\u00e3o da proposta mais vantajosa objetivando a \u201ccontrata\u00e7\u00e3o de pessoa jur\u00eddica com habilidade no ramo de transporte de passageiros, para a presta\u00e7\u00e3o de servi\u00e7os de transporte de escolares da educa\u00e7\u00e3o b\u00e1sica da rede p\u00fablica municipal e estadual de ensino fundamental e m\u00e9dio, bem como para outras atividades de apoio, conforme detalhado no [&hellip;]<\/p>\n","protected":false},"author":2,"featured_media":0,"comment_status":"closed","ping_status":"closed","sticky":false,"template":"","format":"standard","meta":{"footnotes":""},"categories":[6,9],"tags":[],"class_list":["post-27006","post","type-post","status-publish","format-standard","hentry","category-licitacao_2017_2020","category-pregaopresencial"],"amp_enabled":true,"mfb_rest_fields":["gutenberg_elementor_mode","amp_enabled"],"_links":{"self":[{"href":"https:\/\/juvenilia.mg.gov.br\/portal\/wp-json\/wp\/v2\/posts\/27006","targetHints":{"allow":["GET"]}}],"collection":[{"href":"https:\/\/juvenilia.mg.gov.br\/portal\/wp-json\/wp\/v2\/posts"}],"about":[{"href":"https:\/\/juvenilia.mg.gov.br\/portal\/wp-json\/wp\/v2\/types\/post"}],"author":[{"embeddable":true,"href":"https:\/\/juvenilia.mg.gov.br\/portal\/wp-json\/wp\/v2\/users\/2"}],"replies":[{"embeddable":true,"href":"https:\/\/juvenilia.mg.gov.br\/portal\/wp-json\/wp\/v2\/comments?post=27006"}],"version-history":[{"count":1,"href":"https:\/\/juvenilia.mg.gov.br\/portal\/wp-json\/wp\/v2\/posts\/27006\/revisions"}],"predecessor-version":[{"id":34580,"href":"https:\/\/juvenilia.mg.gov.br\/portal\/wp-json\/wp\/v2\/posts\/27006\/revisions\/34580"}],"wp:attachment":[{"href":"https:\/\/juvenilia.mg.gov.br\/portal\/wp-json\/wp\/v2\/media?parent=27006"}],"wp:term":[{"taxonomy":"category","embeddable":true,"href":"https:\/\/juvenilia.mg.gov.br\/portal\/wp-json\/wp\/v2\/categories?post=27006"},{"taxonomy":"post_tag","embeddable":true,"href":"https:\/\/juvenilia.mg.gov.br\/portal\/wp-json\/wp\/v2\/tags?post=27006"}],"curies":[{"name":"wp","href":"https:\/\/api.w.org\/{rel}","templated":true}]}}