{"id":26993,"date":"2018-02-08T14:35:51","date_gmt":"2018-02-08T17:35:51","guid":{"rendered":"http:\/\/juvenilia.mg.gov.br\/portal\/?p=26993"},"modified":"2023-01-28T17:38:41","modified_gmt":"2023-01-28T20:38:41","slug":"processo-licitatorio-011-2018-pregao-presencial-007-2018","status":"publish","type":"post","link":"https:\/\/juvenilia.mg.gov.br\/portal\/processo-licitatorio-011-2018-pregao-presencial-007-2018\/","title":{"rendered":"Processo Licitat\u00f3rio 011\/2018 \u2013 Preg\u00e3o Presencial 007\/2018"},"content":{"rendered":"<p><strong>S\u00cdNTESE DO OBJETO:<\/strong> Sele\u00e7\u00e3o da proposta mais vantajosa objetivando contrata\u00e7\u00e3o de servi\u00e7os de transporte de escolares, em atendimento a solicita\u00e7\u00e3o da Secretaria Municipal de Educa\u00e7\u00e3o.<\/p>\n<h2>CANCELADO<\/h2>\n<h2>ABERTURA<\/h2>\n<p><strong>Data:<\/strong> 21\/02\/2018 <strong>Hor\u00e1rio:<\/strong> 08:00<\/p>\n<h2>CANCELADO<\/h2>\n<p><strong>A PREFEITURA DE JUVEN\u00cdLIA-MG, torna p\u00fablico CANCELAMENTO do Processo Licitat\u00f3rio 011\/2018 Preg\u00e3o Presencial 007\/2018 &#8211; contrata\u00e7\u00e3o de servi\u00e7os de transporte de escolares, diante da necessidade reavalia\u00e7\u00e3o da extens\u00e3o das linhas, considerando a matr\u00edcula de novos alunos. &#8211; Departamento de Licita\u00e7\u00f5es 08.02<\/strong><\/p>\n","protected":false},"excerpt":{"rendered":"<p>S\u00cdNTESE DO OBJETO: Sele\u00e7\u00e3o da proposta mais vantajosa objetivando contrata\u00e7\u00e3o de servi\u00e7os de transporte de escolares, em atendimento a solicita\u00e7\u00e3o da Secretaria Municipal de Educa\u00e7\u00e3o. CANCELADO ABERTURA Data: 21\/02\/2018 Hor\u00e1rio: 08:00 CANCELADO A PREFEITURA DE JUVEN\u00cdLIA-MG, torna p\u00fablico CANCELAMENTO do Processo Licitat\u00f3rio 011\/2018 Preg\u00e3o Presencial 007\/2018 &#8211; contrata\u00e7\u00e3o de servi\u00e7os de transporte de escolares, diante [&hellip;]<\/p>\n","protected":false},"author":2,"featured_media":0,"comment_status":"closed","ping_status":"closed","sticky":false,"template":"","format":"standard","meta":{"footnotes":""},"categories":[6,9],"tags":[],"class_list":["post-26993","post","type-post","status-publish","format-standard","hentry","category-licitacao_2017_2020","category-pregaopresencial"],"amp_enabled":true,"mfb_rest_fields":["gutenberg_elementor_mode","amp_enabled"],"_links":{"self":[{"href":"https:\/\/juvenilia.mg.gov.br\/portal\/wp-json\/wp\/v2\/posts\/26993","targetHints":{"allow":["GET"]}}],"collection":[{"href":"https:\/\/juvenilia.mg.gov.br\/portal\/wp-json\/wp\/v2\/posts"}],"about":[{"href":"https:\/\/juvenilia.mg.gov.br\/portal\/wp-json\/wp\/v2\/types\/post"}],"author":[{"embeddable":true,"href":"https:\/\/juvenilia.mg.gov.br\/portal\/wp-json\/wp\/v2\/users\/2"}],"replies":[{"embeddable":true,"href":"https:\/\/juvenilia.mg.gov.br\/portal\/wp-json\/wp\/v2\/comments?post=26993"}],"version-history":[{"count":1,"href":"https:\/\/juvenilia.mg.gov.br\/portal\/wp-json\/wp\/v2\/posts\/26993\/revisions"}],"predecessor-version":[{"id":34582,"href":"https:\/\/juvenilia.mg.gov.br\/portal\/wp-json\/wp\/v2\/posts\/26993\/revisions\/34582"}],"wp:attachment":[{"href":"https:\/\/juvenilia.mg.gov.br\/portal\/wp-json\/wp\/v2\/media?parent=26993"}],"wp:term":[{"taxonomy":"category","embeddable":true,"href":"https:\/\/juvenilia.mg.gov.br\/portal\/wp-json\/wp\/v2\/categories?post=26993"},{"taxonomy":"post_tag","embeddable":true,"href":"https:\/\/juvenilia.mg.gov.br\/portal\/wp-json\/wp\/v2\/tags?post=26993"}],"curies":[{"name":"wp","href":"https:\/\/api.w.org\/{rel}","templated":true}]}}