{"id":26890,"date":"2018-01-10T16:29:16","date_gmt":"2018-01-10T19:29:16","guid":{"rendered":"http:\/\/juvenilia.mg.gov.br\/portal\/?p=26890"},"modified":"2023-01-28T17:44:19","modified_gmt":"2023-01-28T20:44:19","slug":"processo-licitatorio-002-2018-pregao-presencial-002-2018","status":"publish","type":"post","link":"https:\/\/juvenilia.mg.gov.br\/portal\/processo-licitatorio-002-2018-pregao-presencial-002-2018\/","title":{"rendered":"Processo Licitat\u00f3rio 002\/2018 \u2013 Preg\u00e3o Presencial 002\/2018"},"content":{"rendered":"<p><strong>S\u00cdNTESE DO OBJETO:<\/strong> Sele\u00e7\u00e3o da proposta mais vantajosa para Registro de Pre\u00e7os, conforme estabelecido no art. 15 da Lei Federal de Licita\u00e7\u00e3o n\u00ba 8.666\/93, objetivando sele\u00e7\u00e3o de proposta mais vantajosa para a futura e eventual \u201caquisi\u00e7\u00e3o de toner e cartuchos para impressoras que integram o Patrim\u00f4nio deste Munic\u00edpio, conforme detalhado no Termo de Refer\u00eancia\u201d, em atendimento a Secretaria Geral de administra\u00e7\u00e3o, em observ\u00e2ncia aos quantitativos descritos no anexo I &#8211; termo de refer\u00eancia, em observ\u00e2ncia ainda ao teor do anexo II &#8211; minuta da ata de registro de pre\u00e7os e em observ\u00e2ncia no que couber ao teor do anexo III \u2013 minuta do contrato administrativo, e de acordo ainda com os ditames da lei federal n\u00ba 10.520\/02, lei federal n\u00b0 8.666\/93 e demais leis pertinentes, instrumentos estes que s\u00e3o partes integrantes do presente instrumento convocat\u00f3rio\/edital para todos os efeitos legais, independentemente de transcri\u00e7\u00e3o.<\/p>\n<h2>ABERTURA<\/h2>\n<p><strong>Data:<\/strong> 23\/01\/2018 <strong>Hor\u00e1rio:<\/strong> 08:00<\/p>\n<h2>DOWNLOADS EDITAL<\/h2>\n<table>\n<tbody>\n<tr>\n<td><a href=\"https:\/\/juvenilia.mg.gov.br\/portal\/wp-content\/uploads\/2018\/01\/pdf-e1530588006399.png\"><img decoding=\"async\" class=\"alignnone wp-image-27224\" src=\"https:\/\/juvenilia.mg.gov.br\/portal\/wp-content\/uploads\/2018\/01\/pdf-297x300.png\" alt=\"\" width=\"64\" height=\"65\" title=\"\"><\/a><\/td>\n<td><a  data-e-Disable-Page-Transition=\"true\" class=\"download-link\" title=\"\" href=\"https:\/\/juvenilia.mg.gov.br\/portal\/download\/26887\/?tmstv=1777333553\" rel=\"nofollow\" id=\"download-link-26887\" >\n\tEdital - Preg\u00e3o Presencial n 002-2018 - Aquisi\u00e7\u00e3o de suprimentos para impressoras\t(953 downloads\t)\n<\/a>\n<\/td>\n<\/tr>\n<\/tbody>\n<\/table>\n<h4>RESULTADO \/ EXTRATO<\/h4>\n<p>A Prefeitura Municipal de Juven\u00edlia \u2013 MG, por interm\u00e9dio do Pregoeiro Oficial do Munic\u00edpio Sr. Adailton Rodrigues de Souza, nomeado atrav\u00e9s da Portaria n\u00ba 141, de 02.01.2018, torna p\u00fablico o resultado do Processo Licitat\u00f3rio n\u00b0 002 \u2013 Preg\u00e3o Presencial n\u00b0 002, que tem como objeto a \u201caquisi\u00e7\u00e3o de toner e cartuchos para impressoras que integram o Patrim\u00f4nio deste Munic\u00edpio, conforme detalhado no Termo de Refer\u00eancia\u201d, em atendimento a Secretaria Geral de administra\u00e7\u00e3o, em observ\u00e2ncia aos quantitativos descritos no anexo I &#8211; termo de refer\u00eancia, em observ\u00e2ncia ainda ao teor do anexo II &#8211; minuta da ata de registro de pre\u00e7os e em observ\u00e2ncia no que couber ao teor do anexo III \u2013 minuta do contrato administrativo, e de acordo ainda com os ditames da lei federal n\u00ba 10.520\/02, lei federal n\u00b0 8.666\/93 e demais leis pertinentes, instrumentos estes que s\u00e3o partes integrantes do presente instrumento convocat\u00f3rio\/edital para todos os efeitos legais, independentemente de transcri\u00e7\u00e3o.<\/p>\n<table>\n<tbody>\n<tr>\n<td><a href=\"https:\/\/juvenilia.mg.gov.br\/portal\/wp-content\/uploads\/2018\/01\/pdf-e1530588006399.png\"><img decoding=\"async\" class=\"alignnone wp-image-27224\" src=\"https:\/\/juvenilia.mg.gov.br\/portal\/wp-content\/uploads\/2018\/01\/pdf-297x300.png\" alt=\"\" width=\"64\" height=\"65\" title=\"\"><\/a><\/td>\n<td><a  data-e-Disable-Page-Transition=\"true\" class=\"download-link\" title=\"\" href=\"https:\/\/juvenilia.mg.gov.br\/portal\/download\/27205\/?tmstv=1777333553\" rel=\"nofollow\" id=\"download-link-27205\" >\n\tRESULTADO E EXTRATO PP.02 PL.02.2018\t(878 downloads\t)\n<\/a>\n<\/td>\n<\/tr>\n<\/tbody>\n<\/table>\n","protected":false},"excerpt":{"rendered":"<p>S\u00cdNTESE DO OBJETO: Sele\u00e7\u00e3o da proposta mais vantajosa para Registro de Pre\u00e7os, conforme estabelecido no art. 15 da Lei Federal de Licita\u00e7\u00e3o n\u00ba 8.666\/93, objetivando sele\u00e7\u00e3o de proposta mais vantajosa para a futura e eventual \u201caquisi\u00e7\u00e3o de toner e cartuchos para impressoras que integram o Patrim\u00f4nio deste Munic\u00edpio, conforme detalhado no Termo de Refer\u00eancia\u201d, em [&hellip;]<\/p>\n","protected":false},"author":2,"featured_media":0,"comment_status":"closed","ping_status":"closed","sticky":false,"template":"","format":"standard","meta":{"footnotes":""},"categories":[6,9],"tags":[],"class_list":["post-26890","post","type-post","status-publish","format-standard","hentry","category-licitacao_2017_2020","category-pregaopresencial"],"amp_enabled":true,"mfb_rest_fields":["gutenberg_elementor_mode","amp_enabled"],"_links":{"self":[{"href":"https:\/\/juvenilia.mg.gov.br\/portal\/wp-json\/wp\/v2\/posts\/26890","targetHints":{"allow":["GET"]}}],"collection":[{"href":"https:\/\/juvenilia.mg.gov.br\/portal\/wp-json\/wp\/v2\/posts"}],"about":[{"href":"https:\/\/juvenilia.mg.gov.br\/portal\/wp-json\/wp\/v2\/types\/post"}],"author":[{"embeddable":true,"href":"https:\/\/juvenilia.mg.gov.br\/portal\/wp-json\/wp\/v2\/users\/2"}],"replies":[{"embeddable":true,"href":"https:\/\/juvenilia.mg.gov.br\/portal\/wp-json\/wp\/v2\/comments?post=26890"}],"version-history":[{"count":1,"href":"https:\/\/juvenilia.mg.gov.br\/portal\/wp-json\/wp\/v2\/posts\/26890\/revisions"}],"predecessor-version":[{"id":34598,"href":"https:\/\/juvenilia.mg.gov.br\/portal\/wp-json\/wp\/v2\/posts\/26890\/revisions\/34598"}],"wp:attachment":[{"href":"https:\/\/juvenilia.mg.gov.br\/portal\/wp-json\/wp\/v2\/media?parent=26890"}],"wp:term":[{"taxonomy":"category","embeddable":true,"href":"https:\/\/juvenilia.mg.gov.br\/portal\/wp-json\/wp\/v2\/categories?post=26890"},{"taxonomy":"post_tag","embeddable":true,"href":"https:\/\/juvenilia.mg.gov.br\/portal\/wp-json\/wp\/v2\/tags?post=26890"}],"curies":[{"name":"wp","href":"https:\/\/api.w.org\/{rel}","templated":true}]}}