{"id":26793,"date":"2017-07-17T14:44:27","date_gmt":"2017-07-17T17:44:27","guid":{"rendered":"http:\/\/juvenilia.mg.gov.br\/portal\/?p=26793"},"modified":"2020-10-10T09:38:11","modified_gmt":"2020-10-10T12:38:11","slug":"processo-licitatorio-056-2017-dispensa-de-licitacao-016-2017","status":"publish","type":"post","link":"https:\/\/juvenilia.mg.gov.br\/portal\/processo-licitatorio-056-2017-dispensa-de-licitacao-016-2017\/","title":{"rendered":"Processo Licitat\u00f3rio 056\/2017 &#8211; Dispensa de Licita\u00e7\u00e3o 016\/2017"},"content":{"rendered":"<p><strong>S\u00cdNTESE DO OBJETO:<\/strong> Contrata\u00e7\u00e3o de servi\u00e7os de m\u00e3o de obra t\u00e9cnica especializada, para realizar treinamento, objetivando capacitar servidores na elabora\u00e7\u00e3o do Plano Municipal de Saneamento B\u00e1sico, bem como realizar palestra junto a popula\u00e7\u00e3o da Sede do Munic\u00edpio, no Distrito de Porto Agr\u00e1rio e Monte Rei, objetivando conscientiza\u00e7\u00e3o a popula\u00e7\u00e3o no uso racional da \u00e1gua tratada pela COPASA, contrata\u00e7\u00e3o esta atrav\u00e9s procedimentos de dispensa de licita\u00e7\u00e3o com fulcro no inciso II do art. 24 da Lei Federal n\u00ba 8.666\/93, conforme detalhado neste termo de refer\u00eancia, em atendimento \u00e0 solicita\u00e7\u00e3o da Secretaria Municipal de Sa\u00fade.<\/p>\n<h2>EXTRATO<\/h2>\n<a  data-e-Disable-Page-Transition=\"true\" class=\"download-link\" title=\"\" href=\"https:\/\/juvenilia.mg.gov.br\/portal\/download\/26794\/?tmstv=1777668902\" rel=\"nofollow\" id=\"download-link-26794\" >\n\tEXTRATO CONTRATO ADMINISTRATIVO - ADRIANA VIANA CHAGAS-ME\t(923 downloads\t)\n<\/a>\n\n","protected":false},"excerpt":{"rendered":"<p>S\u00cdNTESE DO OBJETO: Contrata\u00e7\u00e3o de servi\u00e7os de m\u00e3o de obra t\u00e9cnica especializada, para realizar treinamento, objetivando capacitar servidores na elabora\u00e7\u00e3o do Plano Municipal de Saneamento B\u00e1sico, bem como realizar palestra junto a popula\u00e7\u00e3o da Sede do Munic\u00edpio, no Distrito de Porto Agr\u00e1rio e Monte Rei, objetivando conscientiza\u00e7\u00e3o a popula\u00e7\u00e3o no uso racional da \u00e1gua tratada [&hellip;]<\/p>\n","protected":false},"author":2,"featured_media":0,"comment_status":"closed","ping_status":"closed","sticky":false,"template":"","format":"standard","meta":{"footnotes":""},"categories":[10,6],"tags":[],"class_list":["post-26793","post","type-post","status-publish","format-standard","hentry","category-dispensa-de-licitacao","category-licitacao_2017_2020"],"amp_enabled":true,"mfb_rest_fields":["gutenberg_elementor_mode","amp_enabled"],"_links":{"self":[{"href":"https:\/\/juvenilia.mg.gov.br\/portal\/wp-json\/wp\/v2\/posts\/26793","targetHints":{"allow":["GET"]}}],"collection":[{"href":"https:\/\/juvenilia.mg.gov.br\/portal\/wp-json\/wp\/v2\/posts"}],"about":[{"href":"https:\/\/juvenilia.mg.gov.br\/portal\/wp-json\/wp\/v2\/types\/post"}],"author":[{"embeddable":true,"href":"https:\/\/juvenilia.mg.gov.br\/portal\/wp-json\/wp\/v2\/users\/2"}],"replies":[{"embeddable":true,"href":"https:\/\/juvenilia.mg.gov.br\/portal\/wp-json\/wp\/v2\/comments?post=26793"}],"version-history":[{"count":0,"href":"https:\/\/juvenilia.mg.gov.br\/portal\/wp-json\/wp\/v2\/posts\/26793\/revisions"}],"wp:attachment":[{"href":"https:\/\/juvenilia.mg.gov.br\/portal\/wp-json\/wp\/v2\/media?parent=26793"}],"wp:term":[{"taxonomy":"category","embeddable":true,"href":"https:\/\/juvenilia.mg.gov.br\/portal\/wp-json\/wp\/v2\/categories?post=26793"},{"taxonomy":"post_tag","embeddable":true,"href":"https:\/\/juvenilia.mg.gov.br\/portal\/wp-json\/wp\/v2\/tags?post=26793"}],"curies":[{"name":"wp","href":"https:\/\/api.w.org\/{rel}","templated":true}]}}