{"id":26709,"date":"2017-07-20T09:52:20","date_gmt":"2017-07-20T12:52:20","guid":{"rendered":"http:\/\/juvenilia.mg.gov.br\/portal\/?p=26709"},"modified":"2020-10-10T09:42:21","modified_gmt":"2020-10-10T12:42:21","slug":"processo-licitatorio-045-2017-inexigibilidade-de-licitacao-no-010-2017-adesao-ata-registro-de-precos-no-008-2017-montalvania","status":"publish","type":"post","link":"https:\/\/juvenilia.mg.gov.br\/portal\/processo-licitatorio-045-2017-inexigibilidade-de-licitacao-no-010-2017-adesao-ata-registro-de-precos-no-008-2017-montalvania\/","title":{"rendered":"Processo Licitat\u00f3rio 045\/2017 \u2013 Inexigibilidade de Licita\u00e7\u00e3o 010\/2017 &#8211; ades\u00e3o Ata de Registro de Pre\u00e7os 008\/2017- Montalv\u00e2nia"},"content":{"rendered":"<p><strong>S\u00cdNTESE DO OBJETO:<\/strong> Considerando interesse do Munic\u00edpio de Juven\u00edlia em aderir a ata de registro de pre\u00e7os do Munic\u00edpio de Montalv\u00e2nia, considerando que houve concord\u00e2ncia de algumas empresas, em celebrar contrato com o Munic\u00edpio de Juven\u00edlia, por conta do fornecimento de pneus, c\u00e2maras de ar e acess\u00f3rios para cal\u00e7ar a frota municipal, justifica-se a abertura de processo licitat\u00f3rio objetivando celebra\u00e7\u00e3o de contrato administrativos atrav\u00e9s procedimentos de ades\u00e3o \u00e0 ata de registro de pre\u00e7os, conforme detalhado no termo de referencia.<\/p>\n<h2>EXTRATOS<\/h2>\n<a  data-e-Disable-Page-Transition=\"true\" class=\"download-link\" title=\"\" href=\"https:\/\/juvenilia.mg.gov.br\/portal\/download\/26710\/?tmstv=1777410833\" rel=\"nofollow\" id=\"download-link-26710\" >\n\tEXTRATO CONTRATO ADMINISTRATIVO - MUNDIAL PNEUS ITABER\u00c1 - EIRELI-EPP, GUARECOMPE RECAPAGEM E COM\u00c9RCIO DE PNEUS LTDA, CANTU COM\u00c9RCIO DE PNEUM\u00c1TICOS LTDA\t(862 downloads\t)\n<\/a>\n\n","protected":false},"excerpt":{"rendered":"<p>S\u00cdNTESE DO OBJETO: Considerando interesse do Munic\u00edpio de Juven\u00edlia em aderir a ata de registro de pre\u00e7os do Munic\u00edpio de Montalv\u00e2nia, considerando que houve concord\u00e2ncia de algumas empresas, em celebrar contrato com o Munic\u00edpio de Juven\u00edlia, por conta do fornecimento de pneus, c\u00e2maras de ar e acess\u00f3rios para cal\u00e7ar a frota municipal, justifica-se a abertura [&hellip;]<\/p>\n","protected":false},"author":2,"featured_media":0,"comment_status":"closed","ping_status":"closed","sticky":false,"template":"","format":"standard","meta":{"footnotes":""},"categories":[7,6],"tags":[],"class_list":["post-26709","post","type-post","status-publish","format-standard","hentry","category-inexigibilidade","category-licitacao_2017_2020"],"amp_enabled":true,"mfb_rest_fields":["gutenberg_elementor_mode","amp_enabled"],"_links":{"self":[{"href":"https:\/\/juvenilia.mg.gov.br\/portal\/wp-json\/wp\/v2\/posts\/26709","targetHints":{"allow":["GET"]}}],"collection":[{"href":"https:\/\/juvenilia.mg.gov.br\/portal\/wp-json\/wp\/v2\/posts"}],"about":[{"href":"https:\/\/juvenilia.mg.gov.br\/portal\/wp-json\/wp\/v2\/types\/post"}],"author":[{"embeddable":true,"href":"https:\/\/juvenilia.mg.gov.br\/portal\/wp-json\/wp\/v2\/users\/2"}],"replies":[{"embeddable":true,"href":"https:\/\/juvenilia.mg.gov.br\/portal\/wp-json\/wp\/v2\/comments?post=26709"}],"version-history":[{"count":0,"href":"https:\/\/juvenilia.mg.gov.br\/portal\/wp-json\/wp\/v2\/posts\/26709\/revisions"}],"wp:attachment":[{"href":"https:\/\/juvenilia.mg.gov.br\/portal\/wp-json\/wp\/v2\/media?parent=26709"}],"wp:term":[{"taxonomy":"category","embeddable":true,"href":"https:\/\/juvenilia.mg.gov.br\/portal\/wp-json\/wp\/v2\/categories?post=26709"},{"taxonomy":"post_tag","embeddable":true,"href":"https:\/\/juvenilia.mg.gov.br\/portal\/wp-json\/wp\/v2\/tags?post=26709"}],"curies":[{"name":"wp","href":"https:\/\/api.w.org\/{rel}","templated":true}]}}