{"id":26650,"date":"2017-05-29T12:33:27","date_gmt":"2017-05-29T15:33:27","guid":{"rendered":"http:\/\/juvenilia.mg.gov.br\/portal\/?p=26650"},"modified":"2020-10-10T09:44:26","modified_gmt":"2020-10-10T12:44:26","slug":"processo-licitatorio-033-2017-inexigibilidade-de-licitacao-007-2017","status":"publish","type":"post","link":"https:\/\/juvenilia.mg.gov.br\/portal\/processo-licitatorio-033-2017-inexigibilidade-de-licitacao-007-2017\/","title":{"rendered":"Processo Licitat\u00f3rio 033\/2017 &#8211; Inexigibilidade de Licita\u00e7\u00e3o 007\/2017"},"content":{"rendered":"<p><strong>S\u00cdNTESE DO OBJETO<\/strong>: Ades\u00e3o a ata de registro de pre\u00e7os n\u00ba 005\/2017, objeto do desfecho do preg\u00e3o presencial n\u00ba 006\/2017, inaugurado pelo Cons\u00f3rcio Intermunicipal Multifinalit\u00e1rio da \u00c0rea Mineira da Sudene-CIMAMS, objetivando a celebra\u00e7\u00e3o de contrato administrativo com a empresa Aeromix Ag\u00eancia de Viagens e Turismo Ltda, detentora da ata de registro de pre\u00e7os supra citada, por conta do fornecimento de passagens a\u00e9reas, com taxa de desconto pr\u00e9-fixada, conforme detalhado no anexo I \u2013 termo de referencia, em atendimento \u00e0 solicita\u00e7\u00e3o da Secretaria Geral de Administra\u00e7\u00e3o\u201d.<\/p>\n<p>EXTRATO<br \/>\n<a  data-e-Disable-Page-Transition=\"true\" class=\"download-link\" title=\"\" href=\"https:\/\/juvenilia.mg.gov.br\/portal\/download\/26651\/?tmstv=1777324904\" rel=\"nofollow\" id=\"download-link-26651\" >\n\tEXTRATO - AEROMIX AG\u00caNCIA DE VIAGENS E TURISMO LTDA\t(913 downloads\t)\n<\/a>\n<\/p>\n","protected":false},"excerpt":{"rendered":"<p>S\u00cdNTESE DO OBJETO: Ades\u00e3o a ata de registro de pre\u00e7os n\u00ba 005\/2017, objeto do desfecho do preg\u00e3o presencial n\u00ba 006\/2017, inaugurado pelo Cons\u00f3rcio Intermunicipal Multifinalit\u00e1rio da \u00c0rea Mineira da Sudene-CIMAMS, objetivando a celebra\u00e7\u00e3o de contrato administrativo com a empresa Aeromix Ag\u00eancia de Viagens e Turismo Ltda, detentora da ata de registro de pre\u00e7os supra citada, [&hellip;]<\/p>\n","protected":false},"author":2,"featured_media":0,"comment_status":"closed","ping_status":"closed","sticky":false,"template":"","format":"standard","meta":{"footnotes":""},"categories":[7,6],"tags":[],"class_list":["post-26650","post","type-post","status-publish","format-standard","hentry","category-inexigibilidade","category-licitacao_2017_2020"],"amp_enabled":true,"mfb_rest_fields":["gutenberg_elementor_mode","amp_enabled"],"_links":{"self":[{"href":"https:\/\/juvenilia.mg.gov.br\/portal\/wp-json\/wp\/v2\/posts\/26650","targetHints":{"allow":["GET"]}}],"collection":[{"href":"https:\/\/juvenilia.mg.gov.br\/portal\/wp-json\/wp\/v2\/posts"}],"about":[{"href":"https:\/\/juvenilia.mg.gov.br\/portal\/wp-json\/wp\/v2\/types\/post"}],"author":[{"embeddable":true,"href":"https:\/\/juvenilia.mg.gov.br\/portal\/wp-json\/wp\/v2\/users\/2"}],"replies":[{"embeddable":true,"href":"https:\/\/juvenilia.mg.gov.br\/portal\/wp-json\/wp\/v2\/comments?post=26650"}],"version-history":[{"count":0,"href":"https:\/\/juvenilia.mg.gov.br\/portal\/wp-json\/wp\/v2\/posts\/26650\/revisions"}],"wp:attachment":[{"href":"https:\/\/juvenilia.mg.gov.br\/portal\/wp-json\/wp\/v2\/media?parent=26650"}],"wp:term":[{"taxonomy":"category","embeddable":true,"href":"https:\/\/juvenilia.mg.gov.br\/portal\/wp-json\/wp\/v2\/categories?post=26650"},{"taxonomy":"post_tag","embeddable":true,"href":"https:\/\/juvenilia.mg.gov.br\/portal\/wp-json\/wp\/v2\/tags?post=26650"}],"curies":[{"name":"wp","href":"https:\/\/api.w.org\/{rel}","templated":true}]}}