{"id":26614,"date":"2017-04-26T10:24:55","date_gmt":"2017-04-26T13:24:55","guid":{"rendered":"http:\/\/juvenilia.mg.gov.br\/portal\/?p=26614"},"modified":"2020-10-10T09:47:04","modified_gmt":"2020-10-10T12:47:04","slug":"processo-licitatorio-026-2017-dispensa-de-licitacao-009-2017","status":"publish","type":"post","link":"https:\/\/juvenilia.mg.gov.br\/portal\/processo-licitatorio-026-2017-dispensa-de-licitacao-009-2017\/","title":{"rendered":"Processo Licitat\u00f3rio 026\/2017 &#8211; Dispensa de Licita\u00e7\u00e3o 009\/2017"},"content":{"rendered":"<p><strong>S\u00cdNTESE DO OBJETO<\/strong>: \u201cContrata\u00e7\u00e3o de servi\u00e7o contrata\u00e7\u00e3o de empresa especializada na presta\u00e7\u00e3o de servi\u00e7os de manuten\u00e7\u00e3o de rede el\u00e9trica de baixa tens\u00e3o, mediante fornecimento de m\u00e3o obra t\u00e9cnica, acrescida de encargos sociais e trabalhista, e eventual fornecimento de materiais (l\u00e2mpadas, reatores e rel\u00e9s), em car\u00e1ter de urg\u00eancia, atrav\u00e9s dispensa de licita\u00e7\u00e3o, com fulcro no art. 24, inciso IV da Lei Federal n\u00b0 8.666\/93, objetivando a regulariza\u00e7\u00e3o da ilumina\u00e7\u00e3o p\u00fablica de aproximadamente 230 IPs (postes),, instalados em vias e pra\u00e7as p\u00fablicas da sede do Munic\u00edpio e nos Distritos de Monte Rei e de Porto Agr\u00e1rio, por prazo determinado, qual seja de 60 (sessenta) dias, at\u00e9 o desfecho de processo licitat\u00f3rio, conforme detalhado no termo de refer\u00eancia, em atendimento \u00e0 solicita\u00e7\u00e3o da Secretaria Municipal de Transporte e Estradas Rurais\u201d.<\/p>\n<p>EXTRATO<br \/>\n<a  data-e-Disable-Page-Transition=\"true\" class=\"download-link\" title=\"\" href=\"https:\/\/juvenilia.mg.gov.br\/portal\/download\/26615\/?tmstv=1777278828\" rel=\"nofollow\" id=\"download-link-26615\" >\n\tEXTRATO DO CONTRATO - PABLO MATHAUS DA SILVA SANTOS-13537086679\t(882 downloads\t)\n<\/a>\n<\/p>\n","protected":false},"excerpt":{"rendered":"<p>S\u00cdNTESE DO OBJETO: \u201cContrata\u00e7\u00e3o de servi\u00e7o contrata\u00e7\u00e3o de empresa especializada na presta\u00e7\u00e3o de servi\u00e7os de manuten\u00e7\u00e3o de rede el\u00e9trica de baixa tens\u00e3o, mediante fornecimento de m\u00e3o obra t\u00e9cnica, acrescida de encargos sociais e trabalhista, e eventual fornecimento de materiais (l\u00e2mpadas, reatores e rel\u00e9s), em car\u00e1ter de urg\u00eancia, atrav\u00e9s dispensa de licita\u00e7\u00e3o, com fulcro no art. [&hellip;]<\/p>\n","protected":false},"author":2,"featured_media":0,"comment_status":"closed","ping_status":"closed","sticky":false,"template":"","format":"standard","meta":{"footnotes":""},"categories":[10,6],"tags":[],"class_list":["post-26614","post","type-post","status-publish","format-standard","hentry","category-dispensa-de-licitacao","category-licitacao_2017_2020"],"amp_enabled":true,"mfb_rest_fields":["gutenberg_elementor_mode","amp_enabled"],"_links":{"self":[{"href":"https:\/\/juvenilia.mg.gov.br\/portal\/wp-json\/wp\/v2\/posts\/26614","targetHints":{"allow":["GET"]}}],"collection":[{"href":"https:\/\/juvenilia.mg.gov.br\/portal\/wp-json\/wp\/v2\/posts"}],"about":[{"href":"https:\/\/juvenilia.mg.gov.br\/portal\/wp-json\/wp\/v2\/types\/post"}],"author":[{"embeddable":true,"href":"https:\/\/juvenilia.mg.gov.br\/portal\/wp-json\/wp\/v2\/users\/2"}],"replies":[{"embeddable":true,"href":"https:\/\/juvenilia.mg.gov.br\/portal\/wp-json\/wp\/v2\/comments?post=26614"}],"version-history":[{"count":0,"href":"https:\/\/juvenilia.mg.gov.br\/portal\/wp-json\/wp\/v2\/posts\/26614\/revisions"}],"wp:attachment":[{"href":"https:\/\/juvenilia.mg.gov.br\/portal\/wp-json\/wp\/v2\/media?parent=26614"}],"wp:term":[{"taxonomy":"category","embeddable":true,"href":"https:\/\/juvenilia.mg.gov.br\/portal\/wp-json\/wp\/v2\/categories?post=26614"},{"taxonomy":"post_tag","embeddable":true,"href":"https:\/\/juvenilia.mg.gov.br\/portal\/wp-json\/wp\/v2\/tags?post=26614"}],"curies":[{"name":"wp","href":"https:\/\/api.w.org\/{rel}","templated":true}]}}