{"id":26612,"date":"2017-05-02T10:11:07","date_gmt":"2017-05-02T13:11:07","guid":{"rendered":"http:\/\/juvenilia.mg.gov.br\/portal\/?p=26612"},"modified":"2020-10-10T09:47:27","modified_gmt":"2020-10-10T12:47:27","slug":"processo-licitatorio-025-2017-dispensa-de-licitacao-008-2017","status":"publish","type":"post","link":"https:\/\/juvenilia.mg.gov.br\/portal\/processo-licitatorio-025-2017-dispensa-de-licitacao-008-2017\/","title":{"rendered":"Processo Licitat\u00f3rio 025\/2017 &#8211; Dispensa de Licita\u00e7\u00e3o 008\/2017"},"content":{"rendered":"<p><strong>S\u00cdNTESE DO OBJETO<\/strong>: \u201cContrata\u00e7\u00e3o de servi\u00e7o de m\u00e3o de obra de terceiros incluso fornecimento de barco, devidamente homologado pela Marinha, incluso m\u00e3o de obra de piloto detentor da ARRAIS e incluso ainda despesas com combust\u00edvel e eventual manuten\u00e7\u00e3o, para transportar alunos do ensino fundamental e m\u00e9dio, em 02 (dois) turnos (Matutino e Vespertino), da ilha da ingazeira localizada no Rio S\u00e3o Francisco, Para a escola municipal localizada na sede do Distrito de Porto Agr\u00e1rio, Munic\u00edpio de Juven\u00edlia, atrav\u00e9s dispensa de licita\u00e7\u00e3o, com fulcro no art. 24, inciso IV da Lei Federal n\u00b0 8.666\/93, estimando uma m\u00e9dia de 10 milhas n\u00e1uticas a serem percorridas diariamente, conforme detalhado no termo de referencia, em atendimento \u00e0 solicita\u00e7\u00e3o da Secretaria Municipal de Educa\u00e7\u00e3o\u201d.<\/p>\n<p>EXTRATO<br \/>\n<a  data-e-Disable-Page-Transition=\"true\" class=\"download-link\" title=\"\" href=\"https:\/\/juvenilia.mg.gov.br\/portal\/download\/26609\/?tmstv=1777272587\" rel=\"nofollow\" id=\"download-link-26609\" >\n\tEXTRATO CONTRATO - JONAS ALVES DA ROCHA\t(788 downloads\t)\n<\/a>\n<\/p>\n","protected":false},"excerpt":{"rendered":"<p>S\u00cdNTESE DO OBJETO: \u201cContrata\u00e7\u00e3o de servi\u00e7o de m\u00e3o de obra de terceiros incluso fornecimento de barco, devidamente homologado pela Marinha, incluso m\u00e3o de obra de piloto detentor da ARRAIS e incluso ainda despesas com combust\u00edvel e eventual manuten\u00e7\u00e3o, para transportar alunos do ensino fundamental e m\u00e9dio, em 02 (dois) turnos (Matutino e Vespertino), da ilha [&hellip;]<\/p>\n","protected":false},"author":2,"featured_media":0,"comment_status":"closed","ping_status":"closed","sticky":false,"template":"","format":"standard","meta":{"footnotes":""},"categories":[10,6],"tags":[],"class_list":["post-26612","post","type-post","status-publish","format-standard","hentry","category-dispensa-de-licitacao","category-licitacao_2017_2020"],"amp_enabled":true,"mfb_rest_fields":["gutenberg_elementor_mode","amp_enabled"],"_links":{"self":[{"href":"https:\/\/juvenilia.mg.gov.br\/portal\/wp-json\/wp\/v2\/posts\/26612","targetHints":{"allow":["GET"]}}],"collection":[{"href":"https:\/\/juvenilia.mg.gov.br\/portal\/wp-json\/wp\/v2\/posts"}],"about":[{"href":"https:\/\/juvenilia.mg.gov.br\/portal\/wp-json\/wp\/v2\/types\/post"}],"author":[{"embeddable":true,"href":"https:\/\/juvenilia.mg.gov.br\/portal\/wp-json\/wp\/v2\/users\/2"}],"replies":[{"embeddable":true,"href":"https:\/\/juvenilia.mg.gov.br\/portal\/wp-json\/wp\/v2\/comments?post=26612"}],"version-history":[{"count":0,"href":"https:\/\/juvenilia.mg.gov.br\/portal\/wp-json\/wp\/v2\/posts\/26612\/revisions"}],"wp:attachment":[{"href":"https:\/\/juvenilia.mg.gov.br\/portal\/wp-json\/wp\/v2\/media?parent=26612"}],"wp:term":[{"taxonomy":"category","embeddable":true,"href":"https:\/\/juvenilia.mg.gov.br\/portal\/wp-json\/wp\/v2\/categories?post=26612"},{"taxonomy":"post_tag","embeddable":true,"href":"https:\/\/juvenilia.mg.gov.br\/portal\/wp-json\/wp\/v2\/tags?post=26612"}],"curies":[{"name":"wp","href":"https:\/\/api.w.org\/{rel}","templated":true}]}}