{"id":26393,"date":"2017-12-12T16:00:17","date_gmt":"2017-12-12T19:00:17","guid":{"rendered":"http:\/\/juvenilia.mg.gov.br\/portal\/?p=26393"},"modified":"2020-10-10T08:34:42","modified_gmt":"2020-10-10T11:34:42","slug":"processo-licitatorio-085-2017-pregao-presencial-046-2017","status":"publish","type":"post","link":"https:\/\/juvenilia.mg.gov.br\/portal\/processo-licitatorio-085-2017-pregao-presencial-046-2017\/","title":{"rendered":"Processo Licitat\u00f3rio 085\/2017 \u2013 Preg\u00e3o Presencial 046\/2017"},"content":{"rendered":"<p style=\"text-align: justify;\"><strong>S\u00cdNTESE DO OBJETO:<\/strong> Sele\u00e7\u00e3o da proposta mais vantajosa para procedimento de Registro de pre\u00e7os objetivando a \u201ccontrata\u00e7\u00e3o de pessoa jur\u00eddica devidamente habilitada no ramo pertinente para confec\u00e7\u00e3o de vestu\u00e1rio do tipo (camisetas, camisas, jalecos, cal\u00e7as, bermudas, bon\u00e9s e outros recursos) incluso fornecimento de tecidos, aviamentos e servi\u00e7os de silkagem, para uso de servidores que trabalham na vigil\u00e2ncia sanit\u00e1ria, no combate aos vetores da dengue e endemias, em face das resolu\u00e7\u00f5es 4.969\/2015 de 5.101\/2015, conforme detalhado no termo de refer\u00eancia, em atendimento \u00e0 solicita\u00e7\u00e3o da Secretaria Municipal de Sa\u00fade\u201d.<\/p>\n<h5>ABERTURA<\/h5>\n<p><strong>Data:<\/strong> 22\/12\/2017 <strong>Hor\u00e1rio:<\/strong> 08:00<\/p>\n<h5>DOWNLOADS EDITAL<\/h5>\n<table>\n<tbody>\n<tr>\n<td><a href=\"https:\/\/juvenilia.mg.gov.br\/portal\/wp-content\/uploads\/2018\/01\/pdf-e1530588006399.png\"><img decoding=\"async\" class=\"alignnone wp-image-27224\" src=\"https:\/\/juvenilia.mg.gov.br\/portal\/wp-content\/uploads\/2018\/01\/pdf-297x300.png\" alt=\"\" width=\"65\" height=\"66\" title=\"\"><\/a><\/td>\n<td><a  data-e-Disable-Page-Transition=\"true\" class=\"download-link\" title=\"\" href=\"https:\/\/juvenilia.mg.gov.br\/portal\/download\/26390\/?tmstv=1777354320\" rel=\"nofollow\" id=\"download-link-26390\" >\n\tEdital - Preg\u00e3o Presencial n\u00ba 046-2017 - Servi\u00e7os de confec\u00e7\u00e3o de vestu\u00e1rio para servidores da vigil\u00e2ncia da sa\u00fade\t(933 downloads\t)\n<\/a>\n<\/td>\n<\/tr>\n<\/tbody>\n<\/table>\n<h6>PUBLICA\u00c7\u00c3O: RESULTADO PROCESSO ADMINISTRATIVO N\u00ba 085\/2017 \u2013 PREG\u00c3O PRESENCIAL 046\/2017<\/h6>\n<p style=\"text-align: justify;\">A Prefeitura Municipal de Juven\u00edlia \u2013 MG, por interm\u00e9dio do Pregoeiro Oficial do Munic\u00edpio Sr. Adailton Rodrigues de Souza, nomeado atrav\u00e9s da portaria n\u00b0 014, de 02 de janeiro de 2017, torna p\u00fablico o resultado do Processo Licitat\u00f3rio n\u00b0 085 \u2013 Preg\u00e3o Presencial n\u00b0 046, que tem como objeto a \u201ccontrata\u00e7\u00e3o de pessoa jur\u00eddica devidamente habilitada no ramo pertinente para confec\u00e7\u00e3o de vestu\u00e1rio do tipo (camisetas, camisas, jalecos, cal\u00e7as, bermudas, bon\u00e9s e outros recursos) incluso fornecimento de tecidos, aviamentos e servi\u00e7os de silkagem, para uso de servidores que trabalham na vigil\u00e2ncia sanit\u00e1ria, no combate aos vetores da dengue e endemias, em face das resolu\u00e7\u00f5es 4.969\/2015 de 5.101\/2015, conforme detalhado no termo de refer\u00eancia, em atendimento \u00e0 solicita\u00e7\u00e3o da Secretaria Municipal de Sa\u00fade\u201d.<\/p>\n<p style=\"text-align: justify;\"><strong>CONTRATANTE:<\/strong> MUNIC\u00cdPIO DE JUVEN\u00cdLIA \u2013 MG<\/p>\n<p style=\"text-align: justify;\"><strong>CONTRATADA:<\/strong> JOS\u00c9 BELEM FERREIRA-ME, inscrita no CNPJ n\u00b0 05.565.702\/0001-36<\/p>\n<p style=\"text-align: justify;\"><strong>VALOR GLOBAL ESTIMADO:<\/strong> R$ 5.276,00 (Cinco Mil Duzentos e Setenta e Seis Reais)<\/p>\n<p style=\"text-align: justify;\"><strong>DOTA\u00c7\u00c3O OR\u00c7AMENT\u00c1RIA: <\/strong>02.07.02.10.302.0034.2095 \u2013 manuten\u00e7\u00e3o das atividades do programa de vigil\u00e2ncia sanit\u00e1ria &#8211; 3.3.90.39.00 outros servi\u00e7os de terceiros ( Ficha 667 \u2013 Fonte 155)<\/p>\n<p><strong>VIG\u00caNCIA DA ATA DE REGISTRO DE PRE\u00c7O:<\/strong> 26.12.2017 a 26.12.2018<\/p>\n<p style=\"text-align: center;\">Prefeitura Municipal de Juven\u00edlia, 26 de Dezembro de 2017<\/p>\n<p style=\"text-align: center;\">Adailton Rodrigues de Souza<br \/>\nPregoeiro Oficial do Munic\u00edpio<br \/>\nPortaria n\u00b0 014, de 02.01.2017<\/p>\n<h6><\/h6>\n<h5>PUBLICA\u00c7\u00c3O: EXTRATO DA ATA DE REGISTRO DE PRE\u00c7OS N\u00ba 080\/2017<\/h5>\n<p style=\"text-align: justify;\">O MUNIC\u00cdPIO DE JUVEN\u00cdLIA(MG), torna p\u00fablico o extrato da Ata de Registro de Pre\u00e7os celebrado em face do desfecho do Preg\u00e3o Presencial n\u00b0046\/2017 \u2013 Processo Licitat\u00f3rio n\u00b0 085\/2017, na forma que segue:<\/p>\n<p style=\"text-align: justify;\"><strong>S\u00cdNTESE DO OBJETO:<\/strong> \u201ccontrata\u00e7\u00e3o de pessoa jur\u00eddica devidamente habilitada no ramo pertinente para confec\u00e7\u00e3o de vestu\u00e1rio do tipo (camisetas, camisas, jalecos, cal\u00e7as, bermudas, bon\u00e9s e outros recursos) incluso fornecimento de tecidos, aviamentos e servi\u00e7os de silkagem, para uso de servidores que trabalham na vigil\u00e2ncia sanit\u00e1ria, no combate aos vetores da dengue e endemias, em face das resolu\u00e7\u00f5es 4.969\/2015 de 5.101\/2015, conforme detalhado no termo de refer\u00eancia, em atendimento \u00e0 solicita\u00e7\u00e3o da Secretaria Municipal de Sa\u00fade\u201d.<\/p>\n<p style=\"text-align: justify;\"><strong>CONTRATANTE:<\/strong> MUNIC\u00cdPIO DE JUVEN\u00cdLIA \u2013 MG<\/p>\n<p style=\"text-align: justify;\"><strong>CONTRATADA:<\/strong> JOS\u00c9 BELEM FERREIRA-ME, inscrita no CNPJ n\u00b0 05.565.702\/0001-36<\/p>\n<p style=\"text-align: justify;\"><strong>VALOR GLOBAL ESTIMADO:<\/strong> R$ 5.276,00 (Cinco Mil Duzentos e Setenta e Seis Reais)<\/p>\n<p style=\"text-align: justify;\"><strong>DOTA\u00c7\u00c3O OR\u00c7AMENT\u00c1RIA: <\/strong>02.07.02.10.302.0034.2095 \u2013 Manuten\u00e7\u00e3o das atividades do programa de vigil\u00e2ncia sanit\u00e1ria &#8211; 3.3.90.39.00 outros servi\u00e7os de terceiros (Ficha 667 \u2013 Fonte 155)<\/p>\n<p><strong>VIG\u00caNCIA DA ATA DE REGISTRO DE PRE\u00c7O:<\/strong> 26.12.2017 a 26.12.2018<\/p>\n<p style=\"text-align: center;\">Prefeitura Municipal de Juven\u00edlia, 26 de dezembro de 2017<\/p>\n<p style=\"text-align: center;\">Adailton Rodrigues de Souza<br \/>\nPregoeiro Oficial do Munic\u00edpio<br \/>\nPortaria n\u00b0 014, de 02.01.2017<\/p>\n<h5>PUBLICA\u00c7\u00c3O: EXTRATO DO CONTRATO ADMINISTRATIVO N\u00ba 130\/2017<\/h5>\n<p style=\"text-align: justify;\">O MUNIC\u00cdPIO DE JUVEN\u00cdLIA(MG), torna p\u00fablico o extrato do contrato administrativo celebrado em face do desfecho do Preg\u00e3o Presencial n\u00b0046\/2017 \u2013 Processo Licitat\u00f3rio n\u00b0 085\/2017, na forma que segue:<\/p>\n<p style=\"text-align: justify;\"><strong>S\u00cdNTESE DO OBJETO:<\/strong> \u201ccontrata\u00e7\u00e3o de pessoa jur\u00eddica devidamente habilitada no ramo pertinente para confec\u00e7\u00e3o de vestu\u00e1rio do tipo (camisetas, camisas, jalecos, cal\u00e7as, bermudas, bon\u00e9s e outros recursos) incluso fornecimento de tecidos, aviamentos e servi\u00e7os de silkagem, para uso de servidores que trabalham na vigil\u00e2ncia sanit\u00e1ria, no combate aos vetores da dengue e endemias, em face das resolu\u00e7\u00f5es 4.969\/2015 de 5.101\/2015, conforme detalhado no termo de refer\u00eancia, em atendimento \u00e0 solicita\u00e7\u00e3o da Secretaria Municipal de Sa\u00fade\u201d.<\/p>\n<p><strong>CONTRATANTE:<\/strong> MUNIC\u00cdPIO DE JUVEN\u00cdLIA \u2013 MG<\/p>\n<p><strong>CONTRATADA:<\/strong> JOS\u00c9 BELEM FERREIRA-ME, inscrita no CNPJ n\u00b0 05.565.702\/0001-36<\/p>\n<p><strong>VALOR GLOBAL ESTIMADO:<\/strong> R$ 5.276,00 (Cinco Mil Duzentos e Setenta e Seis Reais)<\/p>\n<p style=\"text-align: justify;\"><strong>DOTA\u00c7\u00c3O OR\u00c7AMENT\u00c1RIA: <\/strong>02.07.02.10.302.0034.2095 \u2013 Manuten\u00e7\u00e3o das atividades do programa de vigil\u00e2ncia sanit\u00e1ria &#8211; 3.3.90.39.00 outros servi\u00e7os de terceiros (Ficha 667 \u2013 Fonte 155)<\/p>\n<p><strong>VIG\u00caNCIA DA ATA DE REGISTRO DE PRE\u00c7O:<\/strong> 26.12.2017 a 26.12.2018<\/p>\n<p style=\"text-align: center;\">Prefeitura Municipal de Juven\u00edlia, 26 de dezembro de 2017<\/p>\n<p style=\"text-align: center;\">Adailton Rodrigues de Souza<br \/>\nPregoeiro Oficial do Munic\u00edpio<br \/>\nPortaria n\u00b0 014, de 02.01.2017<\/p>\n","protected":false},"excerpt":{"rendered":"<p>S\u00cdNTESE DO OBJETO: Sele\u00e7\u00e3o da proposta mais vantajosa para procedimento de Registro de pre\u00e7os objetivando a \u201ccontrata\u00e7\u00e3o de pessoa jur\u00eddica devidamente habilitada no ramo pertinente para confec\u00e7\u00e3o de vestu\u00e1rio do tipo (camisetas, camisas, jalecos, cal\u00e7as, bermudas, bon\u00e9s e outros recursos) incluso fornecimento de tecidos, aviamentos e servi\u00e7os de silkagem, para uso de servidores que trabalham [&hellip;]<\/p>\n","protected":false},"author":2,"featured_media":0,"comment_status":"closed","ping_status":"closed","sticky":false,"template":"","format":"standard","meta":{"footnotes":""},"categories":[6,9],"tags":[],"class_list":["post-26393","post","type-post","status-publish","format-standard","hentry","category-licitacao_2017_2020","category-pregaopresencial"],"amp_enabled":true,"mfb_rest_fields":["gutenberg_elementor_mode","amp_enabled"],"_links":{"self":[{"href":"https:\/\/juvenilia.mg.gov.br\/portal\/wp-json\/wp\/v2\/posts\/26393","targetHints":{"allow":["GET"]}}],"collection":[{"href":"https:\/\/juvenilia.mg.gov.br\/portal\/wp-json\/wp\/v2\/posts"}],"about":[{"href":"https:\/\/juvenilia.mg.gov.br\/portal\/wp-json\/wp\/v2\/types\/post"}],"author":[{"embeddable":true,"href":"https:\/\/juvenilia.mg.gov.br\/portal\/wp-json\/wp\/v2\/users\/2"}],"replies":[{"embeddable":true,"href":"https:\/\/juvenilia.mg.gov.br\/portal\/wp-json\/wp\/v2\/comments?post=26393"}],"version-history":[{"count":0,"href":"https:\/\/juvenilia.mg.gov.br\/portal\/wp-json\/wp\/v2\/posts\/26393\/revisions"}],"wp:attachment":[{"href":"https:\/\/juvenilia.mg.gov.br\/portal\/wp-json\/wp\/v2\/media?parent=26393"}],"wp:term":[{"taxonomy":"category","embeddable":true,"href":"https:\/\/juvenilia.mg.gov.br\/portal\/wp-json\/wp\/v2\/categories?post=26393"},{"taxonomy":"post_tag","embeddable":true,"href":"https:\/\/juvenilia.mg.gov.br\/portal\/wp-json\/wp\/v2\/tags?post=26393"}],"curies":[{"name":"wp","href":"https:\/\/api.w.org\/{rel}","templated":true}]}}