{"id":26352,"date":"2017-12-06T16:07:10","date_gmt":"2017-12-06T19:07:10","guid":{"rendered":"http:\/\/juvenilia.mg.gov.br\/portal\/?p=26352"},"modified":"2020-10-10T08:38:10","modified_gmt":"2020-10-10T11:38:10","slug":"processo-licitatorio-082-2017-pregao-presencial-043-2017","status":"publish","type":"post","link":"https:\/\/juvenilia.mg.gov.br\/portal\/processo-licitatorio-082-2017-pregao-presencial-043-2017\/","title":{"rendered":"Processo Licitat\u00f3rio 082\/2017 \u2013 Preg\u00e3o Presencial 043\/2017"},"content":{"rendered":"<p style=\"text-align: justify;\"><strong>S\u00cdNTESE DO OBJETO:<\/strong> Sele\u00e7\u00e3o da proposta mais vantajosa objetivando registro de pre\u00e7os para a futura e eventual \u201ccontrata\u00e7\u00e3o de pessoa jur\u00eddica com habilidade no ramo pertinente para realizar procedimentos de coleta, transporte, tratamento por termo-destrui\u00e7\u00e3o e destina\u00e7\u00e3o final de res\u00edduos hospitalar, do grupo \u201cA, B, E\u201d, conforme resolu\u00e7\u00f5es 316\/02 e 358\/05 do CONAMA, e RDC 306\/04 da ANVISA, conforme detalhado no termo de refer\u00eancia, em atendimento \u00e0 solicita\u00e7\u00e3o da Secretaria Municipal de Sa\u00fade.\u201d<\/p>\n<p><strong>Data:<\/strong> 19\/12\/2017 <strong>Hor\u00e1rio:<\/strong> 12:00<\/p>\n<h6>DOWNLOADS EDITAL<\/h6>\n<table>\n<tbody>\n<tr>\n<td><a href=\"https:\/\/juvenilia.mg.gov.br\/portal\/wp-content\/uploads\/2018\/01\/pdf-e1530588006399.png\"><img decoding=\"async\" class=\"alignnone wp-image-27224\" src=\"https:\/\/juvenilia.mg.gov.br\/portal\/wp-content\/uploads\/2018\/01\/pdf-297x300.png\" alt=\"\" width=\"66\" height=\"67\" title=\"\"><\/a><\/td>\n<td><a  data-e-Disable-Page-Transition=\"true\" class=\"download-link\" title=\"\" href=\"https:\/\/juvenilia.mg.gov.br\/portal\/download\/26348\/?tmstv=1777375234\" rel=\"nofollow\" id=\"download-link-26348\" >\n\tEdital - Preg\u00e3o Presencial n\u00ba 043-2017\t(906 downloads\t)\n<\/a>\n<\/td>\n<\/tr>\n<\/tbody>\n<\/table>\n<h5>PUBLICA\u00c7\u00c3O: RESULTADO PROCESSO LICITAT\u00d3RIO N\u00ba 082\/2017 \u2013 PREG\u00c3O PRESENCIAL N\u00ba 043\/2017 &#8211; REGISTRO DE PRE\u00c7O PARA PRESTA\u00c7\u00c3O DE SERVI\u00c7OS DE COLETA E DESTINO FINAL DE RES\u00cdDUOS HOSPITALARES<\/h5>\n<p style=\"text-align: justify;\">A Prefeitura Municipal de Juven\u00edlia \u2013 MG, por interm\u00e9dio do Pregoeiro Oficial do Munic\u00edpio Sr. Adailton Rodrigues de Souza, nomeado atrav\u00e9s da portaria n\u00b0 014, de 02 de janeiro de 2017, torna p\u00fablico o extrato de contrato do Processo Licitat\u00f3rio n\u00b0 082 \u2013 Preg\u00e3o Presencial n\u00b0 043, que tem como objeto a \u201ccontrata\u00e7\u00e3o de pessoa jur\u00eddica com habilidade no ramo pertinente para realizar procedimentos de coleta, transporte, tratamento por termo-destrui\u00e7\u00e3o e destina\u00e7\u00e3o final de res\u00edduos hospitalar, do grupo \u201cA, B, E\u201d, conforme resolu\u00e7\u00f5es 316\/02 e 358\/05 do CONAMA, e RDC 306\/04 da ANVISA, conforme detalhado no termo de refer\u00eancia, em atendimento \u00e0 solicita\u00e7\u00e3o da Secretaria Municipal de Sa\u00fade.\u201d<\/p>\n<p style=\"text-align: justify;\"><strong>CONTRATANTE:<\/strong> MUNIC\u00cdPIO DE JUVEN\u00cdLIA \u2013 MG<\/p>\n<p style=\"text-align: justify;\"><strong>CONTRATADA:<\/strong> SERQUIP \u2013 TRATAMENTO DE RES\u00cdDUOS MG LTDA, inscrita no CNPJ n\u00b0 05.266.324\/000190<\/p>\n<p style=\"text-align: justify;\"><strong>VALOR GLOBAL ESTIMADO:<\/strong> R$ 10.850,00 (Dez Mil Oitocentos e Cinquenta Reais)<\/p>\n<p style=\"text-align: justify;\"><strong>DOTA\u00c7\u00c3O OR\u00c7AMENT\u00c1RIA: <\/strong>02.07.02.10.302.0034.2091 \u2013 Manuten\u00e7\u00e3o das Atividades do PSF \u2013 3.3.90.39.00 \u2013 Outros servi\u00e7os de terceiros \u2013 Pessoa Jur\u00eddica \u2013 Ficha 638 \u2013 Fonte 102<\/p>\n<p style=\"text-align: center;\">Prefeitura Municipal de Juven\u00edlia, 20 de Dezembro de 2017<\/p>\n<p style=\"text-align: center;\">Adailton Rodrigues de Souza<br \/>\nPregoeiro Oficial do Munic\u00edpio<br \/>\nPortaria n\u00b0 014, de 02.01.2017<\/p>\n<h5>PUBLICA\u00c7\u00c3O: EXTRATO DA ATA DE REGISTRO DE PRE\u00c7O PARA PRESTA\u00c7\u00c3O DE SERVI\u00c7OS DE COLETA E DESTINO FINAL DE RES\u00cdDUOS HOSPITALARES N\u00ba: 82\/2017<\/h5>\n<p style=\"text-align: justify;\"><strong>O MUNIC\u00cdPIO DE JUVEN\u00cdLIA(MG)<\/strong>, torna p\u00fablico o extrato do contrato administrativo celebrado em face do desfecho do Preg\u00e3o Presencial n\u00b0043\/2017 \u2013 Processo Licitat\u00f3rio n\u00b0 082\/2017, na forma que segue:<\/p>\n<p style=\"text-align: justify;\"><strong>S\u00cdNTESE DO OBJETO:<\/strong> \u201ccontrata\u00e7\u00e3o de pessoa jur\u00eddica com habilidade no ramo pertinente para realizar procedimentos de coleta, transporte, tratamento por termo-destrui\u00e7\u00e3o e destina\u00e7\u00e3o final de res\u00edduos hospitalar, do grupo \u201cA, B, E\u201d, conforme resolu\u00e7\u00f5es 316\/02 e 358\/05 do CONAMA, e RDC 306\/04 da ANVISA, conforme detalhado no termo de refer\u00eancia, em atendimento \u00e0 solicita\u00e7\u00e3o da Secretaria Municipal de Sa\u00fade.\u201d<\/p>\n<p style=\"text-align: justify;\"><strong>CONTRATANTE:<\/strong> MUNIC\u00cdPIO DE JUVEN\u00cdLIA \u2013 MG<\/p>\n<p style=\"text-align: justify;\"><strong>CONTRATADA:<\/strong> SERQUIP \u2013 TRATAMENTO DE RES\u00cdDUOS MG LTDA, inscrita no CNPJ n\u00b0 05.266.324\/000190<\/p>\n<p style=\"text-align: justify;\"><strong>VALOR GLOBAL ESTIMADO:<\/strong> R$ 10.850,00 (Dez Mil Oitocentos e Cinq\u00fcenta Reais)<\/p>\n<p style=\"text-align: justify;\"><strong>DOTA\u00c7\u00c3O OR\u00c7AMENT\u00c1RIA: <\/strong>02.07.02.10.302.0034.2091 \u2013 Manuten\u00e7\u00e3o das Atividades do PSF \u2013 3.3.90.39.00 \u2013 Outros servi\u00e7os de terceiros \u2013 Pessoa Jur\u00eddica \u2013 Ficha 638 \u2013 Fonte 102<\/p>\n<p style=\"text-align: justify;\">VIG\u00caNCIA DA ATA DE REGISTRO DE PRE\u00c7O: 20.12.2017 a 20.12.2018<\/p>\n<p style=\"text-align: center;\">Prefeitura Municipal de Juvenilia, 20 de Dezembro de 2017<\/p>\n<p style=\"text-align: center;\">Adailton Rodrigues de Souza<br \/>\nPregoeiro Oficial do Munic\u00edpio<br \/>\nPortaria n\u00b0 014, de 02.01.2017<\/p>\n","protected":false},"excerpt":{"rendered":"<p>S\u00cdNTESE DO OBJETO: Sele\u00e7\u00e3o da proposta mais vantajosa objetivando registro de pre\u00e7os para a futura e eventual \u201ccontrata\u00e7\u00e3o de pessoa jur\u00eddica com habilidade no ramo pertinente para realizar procedimentos de coleta, transporte, tratamento por termo-destrui\u00e7\u00e3o e destina\u00e7\u00e3o final de res\u00edduos hospitalar, do grupo \u201cA, B, E\u201d, conforme resolu\u00e7\u00f5es 316\/02 e 358\/05 do CONAMA, e RDC [&hellip;]<\/p>\n","protected":false},"author":2,"featured_media":0,"comment_status":"closed","ping_status":"closed","sticky":false,"template":"","format":"standard","meta":{"footnotes":""},"categories":[6,9],"tags":[],"class_list":["post-26352","post","type-post","status-publish","format-standard","hentry","category-licitacao_2017_2020","category-pregaopresencial"],"amp_enabled":true,"mfb_rest_fields":["gutenberg_elementor_mode","amp_enabled"],"_links":{"self":[{"href":"https:\/\/juvenilia.mg.gov.br\/portal\/wp-json\/wp\/v2\/posts\/26352","targetHints":{"allow":["GET"]}}],"collection":[{"href":"https:\/\/juvenilia.mg.gov.br\/portal\/wp-json\/wp\/v2\/posts"}],"about":[{"href":"https:\/\/juvenilia.mg.gov.br\/portal\/wp-json\/wp\/v2\/types\/post"}],"author":[{"embeddable":true,"href":"https:\/\/juvenilia.mg.gov.br\/portal\/wp-json\/wp\/v2\/users\/2"}],"replies":[{"embeddable":true,"href":"https:\/\/juvenilia.mg.gov.br\/portal\/wp-json\/wp\/v2\/comments?post=26352"}],"version-history":[{"count":0,"href":"https:\/\/juvenilia.mg.gov.br\/portal\/wp-json\/wp\/v2\/posts\/26352\/revisions"}],"wp:attachment":[{"href":"https:\/\/juvenilia.mg.gov.br\/portal\/wp-json\/wp\/v2\/media?parent=26352"}],"wp:term":[{"taxonomy":"category","embeddable":true,"href":"https:\/\/juvenilia.mg.gov.br\/portal\/wp-json\/wp\/v2\/categories?post=26352"},{"taxonomy":"post_tag","embeddable":true,"href":"https:\/\/juvenilia.mg.gov.br\/portal\/wp-json\/wp\/v2\/tags?post=26352"}],"curies":[{"name":"wp","href":"https:\/\/api.w.org\/{rel}","templated":true}]}}