{"id":25920,"date":"2017-08-11T16:10:02","date_gmt":"2017-08-11T19:10:02","guid":{"rendered":"http:\/\/juvenilia.mg.gov.br\/portal\/?p=25920"},"modified":"2020-10-10T08:48:19","modified_gmt":"2020-10-10T11:48:19","slug":"processo-licitatorio-0592017-pregao-presencial-0312017","status":"publish","type":"post","link":"https:\/\/juvenilia.mg.gov.br\/portal\/processo-licitatorio-0592017-pregao-presencial-0312017\/","title":{"rendered":"Processo Licitat\u00f3rio 059\/2017 \u2013 Preg\u00e3o Presencial 031\/2017"},"content":{"rendered":"<p><strong>S\u00cdNTESE DO OBJETO:<\/strong> Sele\u00e7\u00e3o da proposta mais vantajosa objetivando a \u201ccontrata\u00e7\u00e3o de servi\u00e7os de Laborat\u00f3rio Regional de Pr\u00f3tese Dent\u00e1ria (LRPD), de acordo com as condi\u00e7\u00f5es previstas na Portaria 2.759, de 12 de dezembro de 2.014, objetivando a confec\u00e7\u00e3o de pr\u00f3teses dent\u00e1rias remov\u00edvel, com grampo de metal (roach), para a popula\u00e7\u00e3o carente limitado ao valor mensal de R$ 7.500,00 (sete mil e quinhentos reais), conforme detalhado no termo de refer\u00eancia, em atendimento solicita\u00e7\u00e3o da Secretaria Municipal de Sa\u00fade\u201d.<\/p>\n<p>Nota: Edital republicado pelo fato de n\u00e3o ter constado o aviso de licita\u00e7\u00e3o no Di\u00e1rio Oficial da Uni\u00e3o.<\/p>\n<h2>REPUBLICADO<br \/>\nDATA ABERTURA: 11\/09\/2017\u00a0 &#8211;\u00a0 Hor\u00e1rio: 08:00<\/h2>\n<p>SDFSFSSSSS<br \/>\n<strong>Data:<\/strong> 30\/08\/2017 <strong>Hor\u00e1rio:<\/strong> 09:00<\/p>\n<h2>DOWNLOADS<\/h2>\n<h2>EDITAL<\/h2>\n<a  data-e-Disable-Page-Transition=\"true\" class=\"download-link\" title=\"\" href=\"https:\/\/juvenilia.mg.gov.br\/portal\/download\/26047\/?tmstv=1777681002\" rel=\"nofollow\" id=\"download-link-26047\" >\n\tRepublicado - Edital - Preg\u00e3o Presencial n\u00ba 031-2017 - Servi\u00e7os de confec\u00e7\u00e3o de protese dent\u00e1ria Programa Brasil Sorridente NOVO\t(1055 downloads\t)\n<\/a>\n\n<h2>EXTRATO<\/h2>\n<a  data-e-Disable-Page-Transition=\"true\" class=\"download-link\" title=\"\" href=\"https:\/\/juvenilia.mg.gov.br\/portal\/download\/26809\/?tmstv=1777681002\" rel=\"nofollow\" id=\"download-link-26809\" >\n\tEXTRATO PP.31 PL.594.2017 - RODRIGO ARLINDO FERITAS LOPES - ME\t(1012 downloads\t)\n<\/a>\n\n","protected":false},"excerpt":{"rendered":"<p>S\u00cdNTESE DO OBJETO: Sele\u00e7\u00e3o da proposta mais vantajosa objetivando a \u201ccontrata\u00e7\u00e3o de servi\u00e7os de Laborat\u00f3rio Regional de Pr\u00f3tese Dent\u00e1ria (LRPD), de acordo com as condi\u00e7\u00f5es previstas na Portaria 2.759, de 12 de dezembro de 2.014, objetivando a confec\u00e7\u00e3o de pr\u00f3teses dent\u00e1rias remov\u00edvel, com grampo de metal (roach), para a popula\u00e7\u00e3o carente limitado ao valor mensal [&hellip;]<\/p>\n","protected":false},"author":2,"featured_media":0,"comment_status":"closed","ping_status":"closed","sticky":false,"template":"","format":"standard","meta":{"footnotes":""},"categories":[6,9],"tags":[],"class_list":["post-25920","post","type-post","status-publish","format-standard","hentry","category-licitacao_2017_2020","category-pregaopresencial"],"amp_enabled":true,"mfb_rest_fields":["gutenberg_elementor_mode","amp_enabled"],"_links":{"self":[{"href":"https:\/\/juvenilia.mg.gov.br\/portal\/wp-json\/wp\/v2\/posts\/25920","targetHints":{"allow":["GET"]}}],"collection":[{"href":"https:\/\/juvenilia.mg.gov.br\/portal\/wp-json\/wp\/v2\/posts"}],"about":[{"href":"https:\/\/juvenilia.mg.gov.br\/portal\/wp-json\/wp\/v2\/types\/post"}],"author":[{"embeddable":true,"href":"https:\/\/juvenilia.mg.gov.br\/portal\/wp-json\/wp\/v2\/users\/2"}],"replies":[{"embeddable":true,"href":"https:\/\/juvenilia.mg.gov.br\/portal\/wp-json\/wp\/v2\/comments?post=25920"}],"version-history":[{"count":0,"href":"https:\/\/juvenilia.mg.gov.br\/portal\/wp-json\/wp\/v2\/posts\/25920\/revisions"}],"wp:attachment":[{"href":"https:\/\/juvenilia.mg.gov.br\/portal\/wp-json\/wp\/v2\/media?parent=25920"}],"wp:term":[{"taxonomy":"category","embeddable":true,"href":"https:\/\/juvenilia.mg.gov.br\/portal\/wp-json\/wp\/v2\/categories?post=25920"},{"taxonomy":"post_tag","embeddable":true,"href":"https:\/\/juvenilia.mg.gov.br\/portal\/wp-json\/wp\/v2\/tags?post=25920"}],"curies":[{"name":"wp","href":"https:\/\/api.w.org\/{rel}","templated":true}]}}