{"id":25865,"date":"2017-06-28T16:00:57","date_gmt":"2017-06-28T19:00:57","guid":{"rendered":"http:\/\/juvenilia.mg.gov.br\/portal\/?p=25865"},"modified":"2020-10-10T08:55:23","modified_gmt":"2020-10-10T11:55:23","slug":"processo-licitatorio-0502017-pregao-presencial-0242017","status":"publish","type":"post","link":"https:\/\/juvenilia.mg.gov.br\/portal\/processo-licitatorio-0502017-pregao-presencial-0242017\/","title":{"rendered":"Processo Licitat\u00f3rio 050\/2017 \u2013 Preg\u00e3o Presencial 024\/2017"},"content":{"rendered":"<p><strong>S\u00cdNTESE DO OBJETO:<\/strong> Sele\u00e7\u00e3o da proposta mais vantajosa objetivando registro de pre\u00e7os para a futura e eventual \u201ccontrata\u00e7\u00e3o de pessoa jur\u00eddica com a ag\u00eancia de eventos para presta\u00e7\u00e3o de servi\u00e7os de loca\u00e7\u00e3o de estruturas (palco, som, ilumina\u00e7\u00e3o e outros recursos) para realiza\u00e7\u00e3o de festejos tradicionais e outros eventos na sede e na zona rural do Munic\u00edpio, objetivando proporcionar entretenimento da popula\u00e7\u00e3o, conforme detalhado no termo de referencia, em atendimento \u00e0 solicita\u00e7\u00e3o da Secretaria Geral de Administra\u00e7\u00e3o.<\/p>\n<p><strong>Data:<\/strong> 12\/07\/2017 <strong>Hor\u00e1rio:<\/strong> 08:00<\/p>\n<h2>DOWNLOADS<\/h2>\n<h2>EDITAL<\/h2>\n<table>\n<tbody>\n<tr>\n<td><img decoding=\"async\" class=\"alignnone wp-image-25641\" src=\"https:\/\/juvenilia.mg.gov.br\/portal\/wp-content\/uploads\/2017\/02\/52ff0e80b07d28b590bbc4b30befde52-297x300.png\" alt=\"\" width=\"32\" height=\"33\" title=\"\"><\/td>\n<td><a  data-e-Disable-Page-Transition=\"true\" class=\"download-link\" title=\"\" href=\"https:\/\/juvenilia.mg.gov.br\/portal\/download\/25862\/?tmstv=1777450540\" rel=\"nofollow\" id=\"download-link-25862\" >\n\tEdital - Preg\u00e3o Presencial n\u00ba 024-2017 - Loca\u00e7\u00e3o de estruturas para realiza\u00e7\u00e3o de shows artisticos musicais\t(12 downloads\t)\n<\/a>\n<\/td>\n<\/tr>\n<\/tbody>\n<\/table>\n<h2>EXTRATOS<\/h2>\n<ul>\n<li><a  data-e-Disable-Page-Transition=\"true\" class=\"download-link\" title=\"\" href=\"https:\/\/juvenilia.mg.gov.br\/portal\/download\/26738\/?tmstv=1777450540\" rel=\"nofollow\" id=\"download-link-26738\" >\n\tEXTRATO ATA REGISTRO DE PRE\u00c7OS - ISAQUE NEWTON TEXEIRA DA SILVEIRA \u2013 ME\t(911 downloads\t)\n<\/a>\n<\/li>\n<li><a  data-e-Disable-Page-Transition=\"true\" class=\"download-link\" title=\"\" href=\"https:\/\/juvenilia.mg.gov.br\/portal\/download\/26742\/?tmstv=1777450540\" rel=\"nofollow\" id=\"download-link-26742\" >\n\tEXTRATO ATA REGISTRO DE PRE\u00c7OS - WALTER FRAGA SANTANA \u2013 ME\t(900 downloads\t)\n<\/a>\n<\/li>\n<\/ul>\n","protected":false},"excerpt":{"rendered":"<p>S\u00cdNTESE DO OBJETO: Sele\u00e7\u00e3o da proposta mais vantajosa objetivando registro de pre\u00e7os para a futura e eventual \u201ccontrata\u00e7\u00e3o de pessoa jur\u00eddica com a ag\u00eancia de eventos para presta\u00e7\u00e3o de servi\u00e7os de loca\u00e7\u00e3o de estruturas (palco, som, ilumina\u00e7\u00e3o e outros recursos) para realiza\u00e7\u00e3o de festejos tradicionais e outros eventos na sede e na zona rural do [&hellip;]<\/p>\n","protected":false},"author":2,"featured_media":0,"comment_status":"closed","ping_status":"closed","sticky":false,"template":"","format":"standard","meta":{"footnotes":""},"categories":[6,9],"tags":[],"class_list":["post-25865","post","type-post","status-publish","format-standard","hentry","category-licitacao_2017_2020","category-pregaopresencial"],"amp_enabled":true,"mfb_rest_fields":["gutenberg_elementor_mode","amp_enabled"],"_links":{"self":[{"href":"https:\/\/juvenilia.mg.gov.br\/portal\/wp-json\/wp\/v2\/posts\/25865","targetHints":{"allow":["GET"]}}],"collection":[{"href":"https:\/\/juvenilia.mg.gov.br\/portal\/wp-json\/wp\/v2\/posts"}],"about":[{"href":"https:\/\/juvenilia.mg.gov.br\/portal\/wp-json\/wp\/v2\/types\/post"}],"author":[{"embeddable":true,"href":"https:\/\/juvenilia.mg.gov.br\/portal\/wp-json\/wp\/v2\/users\/2"}],"replies":[{"embeddable":true,"href":"https:\/\/juvenilia.mg.gov.br\/portal\/wp-json\/wp\/v2\/comments?post=25865"}],"version-history":[{"count":0,"href":"https:\/\/juvenilia.mg.gov.br\/portal\/wp-json\/wp\/v2\/posts\/25865\/revisions"}],"wp:attachment":[{"href":"https:\/\/juvenilia.mg.gov.br\/portal\/wp-json\/wp\/v2\/media?parent=25865"}],"wp:term":[{"taxonomy":"category","embeddable":true,"href":"https:\/\/juvenilia.mg.gov.br\/portal\/wp-json\/wp\/v2\/categories?post=25865"},{"taxonomy":"post_tag","embeddable":true,"href":"https:\/\/juvenilia.mg.gov.br\/portal\/wp-json\/wp\/v2\/tags?post=25865"}],"curies":[{"name":"wp","href":"https:\/\/api.w.org\/{rel}","templated":true}]}}