{"id":25854,"date":"2017-06-08T16:20:39","date_gmt":"2017-06-08T19:20:39","guid":{"rendered":"http:\/\/juvenilia.mg.gov.br\/portal\/?p=25854"},"modified":"2020-10-10T09:44:00","modified_gmt":"2020-10-10T12:44:00","slug":"processo-licitatorio-0422017-chamada-publica-0012017-dispensa-de-licitacao-00122017","status":"publish","type":"post","link":"https:\/\/juvenilia.mg.gov.br\/portal\/processo-licitatorio-0422017-chamada-publica-0012017-dispensa-de-licitacao-00122017\/","title":{"rendered":"Processo Licitat\u00f3rio 042\/2017 &#8211; Chamada P\u00fablica 001\/2017 &#8211; Dispensa de Licita\u00e7\u00e3o 0012\/2017"},"content":{"rendered":"<p><strong>S\u00cdNTESE DO OBJETO:<\/strong> \u201cAquisi\u00e7\u00e3o de g\u00eaneros aliment\u00edcios oriundos da agricultura familiar e do empreendedor familiar rural, para complementar na confec\u00e7\u00e3o da merenda escolar, considerando o disposto no art. 21 da Lei Federal n\u00b0 11947\/2009 e os ditames da Resolu\u00e7\u00e3o n\u00ba 26, de 17 de junho de 2013, alterada pela Resolu\u00e7\u00e3o FNDE\/CD n\u00ba 4, de 02 de abril de 2015, e em observ\u00e2ncia \u00e0s prerrogativas da Lei Federal de Licita\u00e7\u00e3o entrega de forma parcelada durante o exerc\u00edcio de 2.017, atrav\u00e9s dispensa de licita\u00e7\u00e3o n\u00ba: 8.666\/93, em conformidade com o teor do edital da chamada p\u00fablica n\u00ba 001\/2017, conforme detalhado no projeto de vendas, em atendimento \u00e0 solicita\u00e7\u00e3o da Secretaria Municipal de Educa\u00e7\u00e3o\u201d.<\/p>\n<p><strong>Data:<\/strong> 27\/06\/2017 <strong>Hor\u00e1rio:<\/strong> 08:00<\/p>\n<h2>PRORROGADO PARA DIA 07\/07\/2017 \u00e0s 11:00 Horas<\/h2>\n<table>\n<tbody>\n<tr>\n<td><img decoding=\"async\" class=\"alignnone wp-image-25641\" src=\"https:\/\/juvenilia.mg.gov.br\/portal\/wp-content\/uploads\/2017\/02\/52ff0e80b07d28b590bbc4b30befde52-297x300.png\" alt=\"\" width=\"32\" height=\"33\" title=\"\"><\/td>\n<td><a  data-e-Disable-Page-Transition=\"true\" class=\"download-link\" title=\"\" href=\"https:\/\/juvenilia.mg.gov.br\/portal\/download\/25857\/?tmstv=1777387357\" rel=\"nofollow\" id=\"download-link-25857\" >\n\tInstrumento de Prorroga\u00e7\u00e3o de Prazo\t(4 downloads\t)\n<\/a>\n<\/td>\n<\/tr>\n<\/tbody>\n<\/table>\n<h2>DOWNLOADS<\/h2>\n<h2>EDITAL<\/h2>\n<table>\n<tbody>\n<tr>\n<td><img decoding=\"async\" class=\"alignnone wp-image-25641\" src=\"https:\/\/juvenilia.mg.gov.br\/portal\/wp-content\/uploads\/2017\/02\/52ff0e80b07d28b590bbc4b30befde52-297x300.png\" alt=\"\" width=\"32\" height=\"33\" title=\"\"><\/td>\n<td><a  data-e-Disable-Page-Transition=\"true\" class=\"download-link\" title=\"\" href=\"https:\/\/juvenilia.mg.gov.br\/portal\/download\/25851\/?tmstv=1777387357\" rel=\"nofollow\" id=\"download-link-25851\" >\n\tEdital - Dispensa de Licita\u00e7\u00e3o n\u00ba 012-2017 - Aquisi\u00e7\u00e3o g\u00eaneros aliment\u00edcios atrav\u00e9s agricultura familiar para confec\u00e7\u00e3o de merenda escolar\t(1 download\t)\n<\/a>\n<\/td>\n<\/tr>\n<\/tbody>\n<\/table>\n<h2>EXTRATO<\/h2>\n<a  data-e-Disable-Page-Transition=\"true\" class=\"download-link\" title=\"\" href=\"https:\/\/juvenilia.mg.gov.br\/portal\/download\/26699\/?tmstv=1777387357\" rel=\"nofollow\" id=\"download-link-26699\" >\n\tEXTRATO CONTRATO ADMINISTRATIVO - AILTON FOGA\u00c7A, ANTONIO ALVES, ASSOCIA\u00c7\u00c3O COMUNIT\u00c1RIA DE BANANEIRA, DIRCEU ALVES\t(829 downloads\t)\n<\/a>\n\n","protected":false},"excerpt":{"rendered":"<p>S\u00cdNTESE DO OBJETO: \u201cAquisi\u00e7\u00e3o de g\u00eaneros aliment\u00edcios oriundos da agricultura familiar e do empreendedor familiar rural, para complementar na confec\u00e7\u00e3o da merenda escolar, considerando o disposto no art. 21 da Lei Federal n\u00b0 11947\/2009 e os ditames da Resolu\u00e7\u00e3o n\u00ba 26, de 17 de junho de 2013, alterada pela Resolu\u00e7\u00e3o FNDE\/CD n\u00ba 4, de 02 [&hellip;]<\/p>\n","protected":false},"author":2,"featured_media":0,"comment_status":"closed","ping_status":"closed","sticky":false,"template":"","format":"standard","meta":{"footnotes":""},"categories":[10,6],"tags":[],"class_list":["post-25854","post","type-post","status-publish","format-standard","hentry","category-dispensa-de-licitacao","category-licitacao_2017_2020"],"amp_enabled":true,"mfb_rest_fields":["gutenberg_elementor_mode","amp_enabled"],"_links":{"self":[{"href":"https:\/\/juvenilia.mg.gov.br\/portal\/wp-json\/wp\/v2\/posts\/25854","targetHints":{"allow":["GET"]}}],"collection":[{"href":"https:\/\/juvenilia.mg.gov.br\/portal\/wp-json\/wp\/v2\/posts"}],"about":[{"href":"https:\/\/juvenilia.mg.gov.br\/portal\/wp-json\/wp\/v2\/types\/post"}],"author":[{"embeddable":true,"href":"https:\/\/juvenilia.mg.gov.br\/portal\/wp-json\/wp\/v2\/users\/2"}],"replies":[{"embeddable":true,"href":"https:\/\/juvenilia.mg.gov.br\/portal\/wp-json\/wp\/v2\/comments?post=25854"}],"version-history":[{"count":0,"href":"https:\/\/juvenilia.mg.gov.br\/portal\/wp-json\/wp\/v2\/posts\/25854\/revisions"}],"wp:attachment":[{"href":"https:\/\/juvenilia.mg.gov.br\/portal\/wp-json\/wp\/v2\/media?parent=25854"}],"wp:term":[{"taxonomy":"category","embeddable":true,"href":"https:\/\/juvenilia.mg.gov.br\/portal\/wp-json\/wp\/v2\/categories?post=25854"},{"taxonomy":"post_tag","embeddable":true,"href":"https:\/\/juvenilia.mg.gov.br\/portal\/wp-json\/wp\/v2\/tags?post=25854"}],"curies":[{"name":"wp","href":"https:\/\/api.w.org\/{rel}","templated":true}]}}