{"id":25829,"date":"2017-06-09T16:11:46","date_gmt":"2017-06-09T19:11:46","guid":{"rendered":"http:\/\/juvenilia.mg.gov.br\/portal\/?p=25829"},"modified":"2020-10-10T09:43:04","modified_gmt":"2020-10-10T12:43:04","slug":"processo-licitatorio-no-0442017-inexigibilidade-de-licitacao-no-0092017-chamada-publica-no-0032017","status":"publish","type":"post","link":"https:\/\/juvenilia.mg.gov.br\/portal\/processo-licitatorio-no-0442017-inexigibilidade-de-licitacao-no-0092017-chamada-publica-no-0032017\/","title":{"rendered":"Processo Licitat\u00f3rio n\u00ba 044\/2017 &#8211; Inexigibilidade de Licita\u00e7\u00e3o n\u00ba 009\/2017 &#8211; Chamada P\u00fablica n\u00ba 003\/2017"},"content":{"rendered":"<p><strong>S\u00cdNTESE DO OBJETO: <\/strong>\u201cchamada p\u00fablica para credenciamento de sociedade civis sem fins lucrativos para estabelecer parcerias em regime de mutua coopera\u00e7\u00e3o para a consecu\u00e7\u00e3o de finalidades de interesse p\u00fablico rec\u00edproco, em conformidade com os ditames da Lei Federal n\u00ba 13.019\/14 e do Decreto Municipal n\u00ba 011\/17, envolvendo transfer\u00eancia de recurso financeiro mensal, por conta do atendimento servi\u00e7os m\u00e9dico hospitalar de amparo ao homem do campo, direcionada a custeio de despesas medicas na realiza\u00e7\u00e3o de pequenas cirurgias eletivas encaminhadas pelos m\u00e9dicos do Munic\u00edpio de Juven\u00edlia, em conformidade com o marco relat\u00f3rio e, fixando o valor do repasse financeiro em R$ 4.500,00 (quatro mil e quinhentos reais), conforme estabelecido na Lei Municipal n\u00ba 281, de 12 de mar\u00e7o de 2015, de acordo com o termo de ajuste firmando junto ao Minist\u00e9rio Publico Estadual e, conforme detalhado ainda no termo de refer\u00eancia, em atendimento \u00e0 solicita\u00e7\u00e3o da Secretaria Municipal de Sa\u00fade\u201d.<\/p>\n<h2>DESERTA<\/h2>\n<p><strong>Credenciamento de<\/strong> 12\/06\/2017 a 28\/06\/2017 <strong>Hor\u00e1rio:<\/strong> 09:00 \u00e0s 13:00 horas<\/p>\n<h2>DOWNLOADS<\/h2>\n<h2>EDITAL<\/h2>\n<table>\n<tbody>\n<tr>\n<td><img decoding=\"async\" class=\"alignnone wp-image-25641\" src=\"https:\/\/juvenilia.mg.gov.br\/portal\/wp-content\/uploads\/2017\/02\/52ff0e80b07d28b590bbc4b30befde52-297x300.png\" alt=\"\" width=\"32\" height=\"33\" title=\"\"><\/td>\n<td><a  data-e-Disable-Page-Transition=\"true\" class=\"download-link\" title=\"Vers\u00e3o 1.0\" href=\"https:\/\/juvenilia.mg.gov.br\/portal\/download\/25831\/?tmstv=1777400793\" rel=\"nofollow\" id=\"download-link-25831\" >\n\tEdital - Inexigibilidade de Licita\u00e7\u00e3o n\u00ba 009-2017 - Chamada P\u00fablica n\u00ba 003-2017 - Servi\u00e7os hospitalar Cirurgia Eletivas\t(1 download\t)\n<\/a>\n<\/td>\n<\/tr>\n<\/tbody>\n<\/table>\n","protected":false},"excerpt":{"rendered":"<p>S\u00cdNTESE DO OBJETO: \u201cchamada p\u00fablica para credenciamento de sociedade civis sem fins lucrativos para estabelecer parcerias em regime de mutua coopera\u00e7\u00e3o para a consecu\u00e7\u00e3o de finalidades de interesse p\u00fablico rec\u00edproco, em conformidade com os ditames da Lei Federal n\u00ba 13.019\/14 e do Decreto Municipal n\u00ba 011\/17, envolvendo transfer\u00eancia de recurso financeiro mensal, por conta do [&hellip;]<\/p>\n","protected":false},"author":2,"featured_media":0,"comment_status":"closed","ping_status":"closed","sticky":false,"template":"","format":"standard","meta":{"footnotes":""},"categories":[7,6],"tags":[],"class_list":["post-25829","post","type-post","status-publish","format-standard","hentry","category-inexigibilidade","category-licitacao_2017_2020"],"amp_enabled":true,"mfb_rest_fields":["gutenberg_elementor_mode","amp_enabled"],"_links":{"self":[{"href":"https:\/\/juvenilia.mg.gov.br\/portal\/wp-json\/wp\/v2\/posts\/25829","targetHints":{"allow":["GET"]}}],"collection":[{"href":"https:\/\/juvenilia.mg.gov.br\/portal\/wp-json\/wp\/v2\/posts"}],"about":[{"href":"https:\/\/juvenilia.mg.gov.br\/portal\/wp-json\/wp\/v2\/types\/post"}],"author":[{"embeddable":true,"href":"https:\/\/juvenilia.mg.gov.br\/portal\/wp-json\/wp\/v2\/users\/2"}],"replies":[{"embeddable":true,"href":"https:\/\/juvenilia.mg.gov.br\/portal\/wp-json\/wp\/v2\/comments?post=25829"}],"version-history":[{"count":0,"href":"https:\/\/juvenilia.mg.gov.br\/portal\/wp-json\/wp\/v2\/posts\/25829\/revisions"}],"wp:attachment":[{"href":"https:\/\/juvenilia.mg.gov.br\/portal\/wp-json\/wp\/v2\/media?parent=25829"}],"wp:term":[{"taxonomy":"category","embeddable":true,"href":"https:\/\/juvenilia.mg.gov.br\/portal\/wp-json\/wp\/v2\/categories?post=25829"},{"taxonomy":"post_tag","embeddable":true,"href":"https:\/\/juvenilia.mg.gov.br\/portal\/wp-json\/wp\/v2\/tags?post=25829"}],"curies":[{"name":"wp","href":"https:\/\/api.w.org\/{rel}","templated":true}]}}