{"id":25827,"date":"2017-06-09T16:00:19","date_gmt":"2017-06-09T19:00:19","guid":{"rendered":"http:\/\/juvenilia.mg.gov.br\/portal\/?p=25827"},"modified":"2020-10-10T09:43:36","modified_gmt":"2020-10-10T12:43:36","slug":"processo-licitatorio-no-0432017-inexigibilidade-de-licitacao-no-0082017-chamada-publica-no-0022017","status":"publish","type":"post","link":"https:\/\/juvenilia.mg.gov.br\/portal\/processo-licitatorio-no-0432017-inexigibilidade-de-licitacao-no-0082017-chamada-publica-no-0022017\/","title":{"rendered":"Processo Licitat\u00f3rio n\u00ba 043\/2017 &#8211; Inexigibilidade de Licita\u00e7\u00e3o n\u00ba 008\/2017 &#8211; Chamada P\u00fablica n\u00ba 002\/2017"},"content":{"rendered":"<p><strong>S\u00cdNTESE DO OBJETO:<\/strong> \u201cchamada p\u00fablica para credenciamento de sociedade civis sem fins lucrativos para estabelecer parcerias em regime de mutua coopera\u00e7\u00e3o para a consecu\u00e7\u00e3o de finalidades de interesse p\u00fablico rec\u00edproco, em conformidade com os ditames da Lei Federal n\u00ba 13.019\/14 e do Decreto Municipal n\u00ba 011\/17, envolvendo transfer\u00eancia de recurso financeiro mensal, por conta do atendimento de servi\u00e7os m\u00e9dicos de urg\u00eancia e emerg\u00eancia, envolvendo interna\u00e7\u00e3o, tratamento hospitalar, dispens\u00e1rio de medicamentos, bem como servi\u00e7os de plant\u00f5es m\u00e9dicos objetivando atendimento de pacientes encaminhado pela unidade de sa\u00fade do Munic\u00edpio de Juven\u00edlia em hor\u00e1rios noturnos, finais de semana e feriados, em conformidade com o marco relat\u00f3rio e, fixando o valor do repasse financeiro em R$ 8.000,00, conforme estabelecido na Lei Municipal n\u00ba 002, de 03 de abril de 2017 e, conforme detalhado neste termo de refer\u00eancia, em atendimento \u00e0 solicita\u00e7\u00e3o da Secretaria Municipal de Sa\u00fade\u201d.<\/p>\n<p><strong>Credenciamento de<\/strong> 12\/06\/2017 a 28\/06\/2017 <strong>Hor\u00e1rio:<\/strong> 09:00 \u00e0s 13:00 horas<\/p>\n<h2>DOWNLOADS<\/h2>\n<h2>EDITAL<\/h2>\n<table>\n<tbody>\n<tr>\n<td><img decoding=\"async\" class=\"alignnone wp-image-25641\" src=\"https:\/\/juvenilia.mg.gov.br\/portal\/wp-content\/uploads\/2017\/02\/52ff0e80b07d28b590bbc4b30befde52-297x300.png\" alt=\"\" width=\"32\" height=\"33\" title=\"\"><\/td>\n<td><a  data-e-Disable-Page-Transition=\"true\" class=\"download-link\" title=\"Vers\u00e3o 1.0\" href=\"https:\/\/juvenilia.mg.gov.br\/portal\/download\/25824\/?tmstv=1777394407\" rel=\"nofollow\" id=\"download-link-25824\" >\n\tEdital - Inexigibilidade de Licita\u00e7\u00e3o n\u00ba 008-2017 - Chamada P\u00fablica n\u00ba 002-2017 - Servi\u00e7os hospitalar\t(1 download\t)\n<\/a>\n<\/td>\n<\/tr>\n<\/tbody>\n<\/table>\n<h2>EXTRATO<\/h2>\n<a  data-e-Disable-Page-Transition=\"true\" class=\"download-link\" title=\"\" href=\"https:\/\/juvenilia.mg.gov.br\/portal\/download\/26705\/?tmstv=1777394407\" rel=\"nofollow\" id=\"download-link-26705\" >\n\tEXTRATO PP.13 PL.34.2017 - FUNDA\u00c7\u00c3O DE SA\u00daDE DE MONTALV\u00c2NIA\t(852 downloads\t)\n<\/a>\n\n","protected":false},"excerpt":{"rendered":"<p>S\u00cdNTESE DO OBJETO: \u201cchamada p\u00fablica para credenciamento de sociedade civis sem fins lucrativos para estabelecer parcerias em regime de mutua coopera\u00e7\u00e3o para a consecu\u00e7\u00e3o de finalidades de interesse p\u00fablico rec\u00edproco, em conformidade com os ditames da Lei Federal n\u00ba 13.019\/14 e do Decreto Municipal n\u00ba 011\/17, envolvendo transfer\u00eancia de recurso financeiro mensal, por conta do [&hellip;]<\/p>\n","protected":false},"author":2,"featured_media":0,"comment_status":"closed","ping_status":"closed","sticky":false,"template":"","format":"standard","meta":{"footnotes":""},"categories":[7,6],"tags":[],"class_list":["post-25827","post","type-post","status-publish","format-standard","hentry","category-inexigibilidade","category-licitacao_2017_2020"],"amp_enabled":true,"mfb_rest_fields":["gutenberg_elementor_mode","amp_enabled"],"_links":{"self":[{"href":"https:\/\/juvenilia.mg.gov.br\/portal\/wp-json\/wp\/v2\/posts\/25827","targetHints":{"allow":["GET"]}}],"collection":[{"href":"https:\/\/juvenilia.mg.gov.br\/portal\/wp-json\/wp\/v2\/posts"}],"about":[{"href":"https:\/\/juvenilia.mg.gov.br\/portal\/wp-json\/wp\/v2\/types\/post"}],"author":[{"embeddable":true,"href":"https:\/\/juvenilia.mg.gov.br\/portal\/wp-json\/wp\/v2\/users\/2"}],"replies":[{"embeddable":true,"href":"https:\/\/juvenilia.mg.gov.br\/portal\/wp-json\/wp\/v2\/comments?post=25827"}],"version-history":[{"count":0,"href":"https:\/\/juvenilia.mg.gov.br\/portal\/wp-json\/wp\/v2\/posts\/25827\/revisions"}],"wp:attachment":[{"href":"https:\/\/juvenilia.mg.gov.br\/portal\/wp-json\/wp\/v2\/media?parent=25827"}],"wp:term":[{"taxonomy":"category","embeddable":true,"href":"https:\/\/juvenilia.mg.gov.br\/portal\/wp-json\/wp\/v2\/categories?post=25827"},{"taxonomy":"post_tag","embeddable":true,"href":"https:\/\/juvenilia.mg.gov.br\/portal\/wp-json\/wp\/v2\/tags?post=25827"}],"curies":[{"name":"wp","href":"https:\/\/api.w.org\/{rel}","templated":true}]}}