{"id":25787,"date":"2017-06-02T16:40:09","date_gmt":"2017-06-02T19:40:09","guid":{"rendered":"http:\/\/juvenilia.mg.gov.br\/portal\/?p=25787"},"modified":"2020-10-10T09:02:51","modified_gmt":"2020-10-10T12:02:51","slug":"processo-licitatorio-0372017-pregao-presencial-0162017","status":"publish","type":"post","link":"https:\/\/juvenilia.mg.gov.br\/portal\/processo-licitatorio-0372017-pregao-presencial-0162017\/","title":{"rendered":"Processo Licitat\u00f3rio 037\/2017 &#8211; Preg\u00e3o Presencial 016\/2017"},"content":{"rendered":"<p><strong>S\u00cdNTESE DO OBJETO:<\/strong> Sele\u00e7\u00e3o da proposta mais vantajosa objetivando a \u201ccontrata\u00e7\u00e3o de pessoa jur\u00eddica com habilidade na presta\u00e7\u00e3o de servi\u00e7os de assessoria e consultoria t\u00e9cnica em gest\u00e3o de educa\u00e7\u00e3o, objetivando implementa\u00e7\u00e3o de projetos e programas com inser\u00e7\u00e3o no SIMEC, presta\u00e7\u00e3o de contas no SIGPC, bem como acompanhar a situa\u00e7\u00e3o do Munic\u00edpio em rela\u00e7\u00e3o ao CAUC e CAGEC e outros servi\u00e7os objetivando melhoria na aplica\u00e7\u00e3o dos recursos da educa\u00e7\u00e3o, durante o per\u00edodo de 12 (doze) meses, conforme detalhado no termo de refer\u00eancia, em atendimento solicita\u00e7\u00e3o da Secretaria Municipal de Educa\u00e7\u00e3o\u201d.<\/p>\n<p><strong>Data:<\/strong> 20\/06\/2017\u00a0\u00a0\u00a0\u00a0\u00a0 <strong>Hora:<\/strong> 08:00<\/p>\n<h2>DOWNLOADS<\/h2>\n<h2>Edital<\/h2>\n<table>\n<tbody>\n<tr>\n<td><img decoding=\"async\" class=\"alignnone wp-image-25641\" src=\"https:\/\/juvenilia.mg.gov.br\/portal\/wp-content\/uploads\/2017\/02\/52ff0e80b07d28b590bbc4b30befde52-297x300.png\" alt=\"\" width=\"32\" height=\"33\" title=\"\"><\/td>\n<td><a  data-e-Disable-Page-Transition=\"true\" class=\"download-link\" title=\"Vers\u00e3o 1.0\" href=\"https:\/\/juvenilia.mg.gov.br\/portal\/download\/25788\/?tmstv=1777353197\" rel=\"nofollow\" id=\"download-link-25788\" >\n\tEdital - Preg\u00e3o Presencial n\u00ba  016-2017 - Servi\u00e7os de assessoria e consultoria na \u00e1rea de Educa\u00e7\u00e3o\t(14 downloads\t)\n<\/a>\n<\/td>\n<\/tr>\n<\/tbody>\n<\/table>\n<h2>EXTRATO<\/h2>\n<a  data-e-Disable-Page-Transition=\"true\" class=\"download-link\" title=\"\" href=\"https:\/\/juvenilia.mg.gov.br\/portal\/download\/26670\/?tmstv=1777353197\" rel=\"nofollow\" id=\"download-link-26670\" >\n\tEXTRATO DE CONTRATO PL37 PP16.2017 - LENI FERREIRA DA MOTA \u2013 ME\t(946 downloads\t)\n<\/a>\n\n","protected":false},"excerpt":{"rendered":"<p>S\u00cdNTESE DO OBJETO: Sele\u00e7\u00e3o da proposta mais vantajosa objetivando a \u201ccontrata\u00e7\u00e3o de pessoa jur\u00eddica com habilidade na presta\u00e7\u00e3o de servi\u00e7os de assessoria e consultoria t\u00e9cnica em gest\u00e3o de educa\u00e7\u00e3o, objetivando implementa\u00e7\u00e3o de projetos e programas com inser\u00e7\u00e3o no SIMEC, presta\u00e7\u00e3o de contas no SIGPC, bem como acompanhar a situa\u00e7\u00e3o do Munic\u00edpio em rela\u00e7\u00e3o ao CAUC [&hellip;]<\/p>\n","protected":false},"author":2,"featured_media":0,"comment_status":"closed","ping_status":"closed","sticky":false,"template":"","format":"standard","meta":{"footnotes":""},"categories":[6,9],"tags":[],"class_list":["post-25787","post","type-post","status-publish","format-standard","hentry","category-licitacao_2017_2020","category-pregaopresencial"],"amp_enabled":true,"mfb_rest_fields":["gutenberg_elementor_mode","amp_enabled"],"_links":{"self":[{"href":"https:\/\/juvenilia.mg.gov.br\/portal\/wp-json\/wp\/v2\/posts\/25787","targetHints":{"allow":["GET"]}}],"collection":[{"href":"https:\/\/juvenilia.mg.gov.br\/portal\/wp-json\/wp\/v2\/posts"}],"about":[{"href":"https:\/\/juvenilia.mg.gov.br\/portal\/wp-json\/wp\/v2\/types\/post"}],"author":[{"embeddable":true,"href":"https:\/\/juvenilia.mg.gov.br\/portal\/wp-json\/wp\/v2\/users\/2"}],"replies":[{"embeddable":true,"href":"https:\/\/juvenilia.mg.gov.br\/portal\/wp-json\/wp\/v2\/comments?post=25787"}],"version-history":[{"count":0,"href":"https:\/\/juvenilia.mg.gov.br\/portal\/wp-json\/wp\/v2\/posts\/25787\/revisions"}],"wp:attachment":[{"href":"https:\/\/juvenilia.mg.gov.br\/portal\/wp-json\/wp\/v2\/media?parent=25787"}],"wp:term":[{"taxonomy":"category","embeddable":true,"href":"https:\/\/juvenilia.mg.gov.br\/portal\/wp-json\/wp\/v2\/categories?post=25787"},{"taxonomy":"post_tag","embeddable":true,"href":"https:\/\/juvenilia.mg.gov.br\/portal\/wp-json\/wp\/v2\/tags?post=25787"}],"curies":[{"name":"wp","href":"https:\/\/api.w.org\/{rel}","templated":true}]}}