{"id":25711,"date":"2017-03-04T16:00:27","date_gmt":"2017-03-04T19:00:27","guid":{"rendered":"http:\/\/juvenilia.mg.gov.br\/portal\/?p=25711"},"modified":"2020-10-10T09:49:06","modified_gmt":"2020-10-10T12:49:06","slug":"processo-licitatorio-0202017-inexigibilidade-de-licitacao-003-2017","status":"publish","type":"post","link":"https:\/\/juvenilia.mg.gov.br\/portal\/processo-licitatorio-0202017-inexigibilidade-de-licitacao-003-2017\/","title":{"rendered":"Processo Licitat\u00f3rio 021\/2017 &#8211; Inexigibilidade de Licita\u00e7\u00e3o 003\/2017"},"content":{"rendered":"<p><strong>S\u00cdNTESE DO OBJETO<\/strong>: \u201ccontrata\u00e7\u00e3o de servi\u00e7os t\u00e9cnicos especializados de terceiros, pessoa jur\u00eddica, com habilidade em advocacia de alta indaga\u00e7\u00e3o, para em nome do Munic\u00edpio de Juven\u00edlia (MG), propor demanda administrativa e\/ou judiciais contra a Uni\u00e3o Federal, objetivando o cumprimento obrigacional do pagamento das diferen\u00e7as financeiras devidas a titulo de diferen\u00e7as da subestima\u00e7\u00e3o do valor m\u00ednimo nacional, averiguadas de acordo com os valores previstos no art. 6\u00ba da Lei Federal n\u00ba 9.424\/96, devidamente corrigido pela taxa SELIC, desde a cria\u00e7\u00e3o do extinto (FUNDEF), o qual foi substitu\u00eddo pelo (FUNDEB), tendo em vista que a diferen\u00e7a complementar de recursos n\u00e3o foram transferidos voluntariamente pela Uni\u00e3o Federal, obriga\u00e7\u00e3o esta da Uni\u00e3o Federal que se estende no repasse m\u00ednimo anual por aluno (VMAA), recursos financeiros estes destinados a melhoria na qualidade da manuten\u00e7\u00e3o da educa\u00e7\u00e3o fundamental, contrata\u00e7\u00e3o esta atrav\u00e9s de inexigibilidade de licita\u00e7\u00e3o, com fulcro no inciso II do artigo 25, c\/c inciso V do artigo 13, ambos da Lei Federal n\u00ba 8.666\/93, em atendimento \u00e0 solicita\u00e7\u00e3o da Secretaria Municipal de Educa\u00e7\u00e3o\u201d.<\/p>\n<p>EXTRATO<br \/>\n<a  data-e-Disable-Page-Transition=\"true\" class=\"download-link\" title=\"\" href=\"https:\/\/juvenilia.mg.gov.br\/portal\/download\/26590\/?tmstv=1777246396\" rel=\"nofollow\" id=\"download-link-26590\" >\n\tEXTRATO DE CONTRATO PP.11.PL.20.2017 - GERMANO CARDOSO SOCIEDADE INDIVIDUAL DE ADVOCACIA\t(912 downloads\t)\n<\/a>\n<\/p>\n","protected":false},"excerpt":{"rendered":"<p>S\u00cdNTESE DO OBJETO: \u201ccontrata\u00e7\u00e3o de servi\u00e7os t\u00e9cnicos especializados de terceiros, pessoa jur\u00eddica, com habilidade em advocacia de alta indaga\u00e7\u00e3o, para em nome do Munic\u00edpio de Juven\u00edlia (MG), propor demanda administrativa e\/ou judiciais contra a Uni\u00e3o Federal, objetivando o cumprimento obrigacional do pagamento das diferen\u00e7as financeiras devidas a titulo de diferen\u00e7as da subestima\u00e7\u00e3o do valor m\u00ednimo [&hellip;]<\/p>\n","protected":false},"author":2,"featured_media":0,"comment_status":"closed","ping_status":"closed","sticky":false,"template":"","format":"standard","meta":{"footnotes":""},"categories":[7,6],"tags":[],"class_list":["post-25711","post","type-post","status-publish","format-standard","hentry","category-inexigibilidade","category-licitacao_2017_2020"],"amp_enabled":true,"mfb_rest_fields":["gutenberg_elementor_mode","amp_enabled"],"_links":{"self":[{"href":"https:\/\/juvenilia.mg.gov.br\/portal\/wp-json\/wp\/v2\/posts\/25711","targetHints":{"allow":["GET"]}}],"collection":[{"href":"https:\/\/juvenilia.mg.gov.br\/portal\/wp-json\/wp\/v2\/posts"}],"about":[{"href":"https:\/\/juvenilia.mg.gov.br\/portal\/wp-json\/wp\/v2\/types\/post"}],"author":[{"embeddable":true,"href":"https:\/\/juvenilia.mg.gov.br\/portal\/wp-json\/wp\/v2\/users\/2"}],"replies":[{"embeddable":true,"href":"https:\/\/juvenilia.mg.gov.br\/portal\/wp-json\/wp\/v2\/comments?post=25711"}],"version-history":[{"count":0,"href":"https:\/\/juvenilia.mg.gov.br\/portal\/wp-json\/wp\/v2\/posts\/25711\/revisions"}],"wp:attachment":[{"href":"https:\/\/juvenilia.mg.gov.br\/portal\/wp-json\/wp\/v2\/media?parent=25711"}],"wp:term":[{"taxonomy":"category","embeddable":true,"href":"https:\/\/juvenilia.mg.gov.br\/portal\/wp-json\/wp\/v2\/categories?post=25711"},{"taxonomy":"post_tag","embeddable":true,"href":"https:\/\/juvenilia.mg.gov.br\/portal\/wp-json\/wp\/v2\/tags?post=25711"}],"curies":[{"name":"wp","href":"https:\/\/api.w.org\/{rel}","templated":true}]}}