{"id":25666,"date":"2017-02-23T16:00:49","date_gmt":"2017-02-23T19:00:49","guid":{"rendered":"http:\/\/juvenilia.mg.gov.br\/portal\/?p=25666"},"modified":"2020-10-10T03:29:55","modified_gmt":"2020-10-10T06:29:55","slug":"processo-licitatorio-0112017-pregao-presencial-0042017","status":"publish","type":"post","link":"https:\/\/juvenilia.mg.gov.br\/portal\/processo-licitatorio-0112017-pregao-presencial-0042017\/","title":{"rendered":"Processo Licitat\u00f3rio 011\/2017 &#8211; Preg\u00e3o Presencial 004\/2017"},"content":{"rendered":"<p><strong>S\u00cdNTESE DO OBJETO<\/strong>: Sele\u00e7\u00e3o da proposta mais vantajosa para procedimento de Registro de Pre\u00e7os para futura e eventual \u201cfornecimento de hospedagem e alimenta\u00e7\u00e3o para pessoas carentes em tratamento de sa\u00fade fora do domicilio (TFD) na cidade de Montes Claros, em conformidade com o termo de refer\u00eancia, em atendimento a solicita\u00e7\u00e3o da Secretaria Municipal de Sa\u00fade.<\/p>\n","protected":false},"excerpt":{"rendered":"<p>S\u00cdNTESE DO OBJETO: Sele\u00e7\u00e3o da proposta mais vantajosa para procedimento de Registro de Pre\u00e7os para futura e eventual \u201cfornecimento de hospedagem e alimenta\u00e7\u00e3o para pessoas carentes em tratamento de sa\u00fade fora do domicilio (TFD) na cidade de Montes Claros, em conformidade com o termo de refer\u00eancia, em atendimento a solicita\u00e7\u00e3o da Secretaria Municipal de Sa\u00fade.<\/p>\n","protected":false},"author":2,"featured_media":0,"comment_status":"closed","ping_status":"closed","sticky":false,"template":"","format":"standard","meta":{"footnotes":""},"categories":[6,9],"tags":[],"class_list":["post-25666","post","type-post","status-publish","format-standard","hentry","category-licitacao_2017_2020","category-pregaopresencial"],"amp_enabled":true,"mfb_rest_fields":["gutenberg_elementor_mode","amp_enabled"],"_links":{"self":[{"href":"https:\/\/juvenilia.mg.gov.br\/portal\/wp-json\/wp\/v2\/posts\/25666","targetHints":{"allow":["GET"]}}],"collection":[{"href":"https:\/\/juvenilia.mg.gov.br\/portal\/wp-json\/wp\/v2\/posts"}],"about":[{"href":"https:\/\/juvenilia.mg.gov.br\/portal\/wp-json\/wp\/v2\/types\/post"}],"author":[{"embeddable":true,"href":"https:\/\/juvenilia.mg.gov.br\/portal\/wp-json\/wp\/v2\/users\/2"}],"replies":[{"embeddable":true,"href":"https:\/\/juvenilia.mg.gov.br\/portal\/wp-json\/wp\/v2\/comments?post=25666"}],"version-history":[{"count":0,"href":"https:\/\/juvenilia.mg.gov.br\/portal\/wp-json\/wp\/v2\/posts\/25666\/revisions"}],"wp:attachment":[{"href":"https:\/\/juvenilia.mg.gov.br\/portal\/wp-json\/wp\/v2\/media?parent=25666"}],"wp:term":[{"taxonomy":"category","embeddable":true,"href":"https:\/\/juvenilia.mg.gov.br\/portal\/wp-json\/wp\/v2\/categories?post=25666"},{"taxonomy":"post_tag","embeddable":true,"href":"https:\/\/juvenilia.mg.gov.br\/portal\/wp-json\/wp\/v2\/tags?post=25666"}],"curies":[{"name":"wp","href":"https:\/\/api.w.org\/{rel}","templated":true}]}}